{"id":37236,"date":"2018-07-27T10:08:42","date_gmt":"2018-07-27T13:08:42","guid":{"rendered":"https:\/\/eldiariodesanpedro.com.ar\/sitio\/?p=37236"},"modified":"2018-07-27T10:10:46","modified_gmt":"2018-07-27T13:10:46","slug":"se-lanzara-el-primer-black-friday-sampedrino","status":"publish","type":"post","link":"https:\/\/eldiariodesanpedro.com.ar\/sitio\/se-lanzara-el-primer-black-friday-sampedrino\/","title":{"rendered":"Se lanzar\u00e1 el primer \u00abBlack Friday\u00bb Sampedrino"},"content":{"rendered":"<p><!-- VideographyWP Plugin Message: Automatic video embedding prevented by plugin options. --><br \/>\nEl Centro de Comercio Industria y Turismo de San Pedro junto a la Subsecretar\u00eda de Desarrollo Econ\u00f3mico de la Municipalidad, preparan el lanzamiento del primer \u201cBlack Friday\u201d sampedrino que tomando como referencia las famosas campa\u00f1as de comercio electr\u00f3nico, tendr\u00e1 su versi\u00f3n local con una jornada de descuentos y promociones en comercios y empresas diversas.  <\/p>\n<p>La iniciativa se alinea con la b\u00fasqueda de propuestas que incentiven la actividad comercial en todos los rubros y ya reuni\u00f3 a muchos interesados en una primera charla en el auditorio de nuestra entidad.  <\/p>\n<p>La fecha elegida es el 31 de Agosto y 1\u00b0 de Septiembre y pueden sumarse todos los interesados en participar para ser incluidos en el primer anuncio oficial de participantes.  <\/p>\n<p>No existen l\u00edmites para las promociones y los descuentos que se deseen realizar y tampoco para los modos de aplicaci\u00f3n pudiendo elegirse alternativas virtuales o presenciales. <\/p>\n<p>La intenci\u00f3n es efectuar una primera experiencia para a partir de all\u00ed implementar campa\u00f1as peri\u00f3dicas que resulten atractivas para los consumidores y los comerciantes. En breve se brindar\u00e1 mayor informaci\u00f3n sobre d\u00f3nde y c\u00f3mo adherir a la campa\u00f1a.<\/p>\n<p><img decoding=\"async\" data-attachment-id=\"37243\" data-permalink=\"https:\/\/eldiariodesanpedro.com.ar\/sitio\/se-lanzara-el-primer-black-friday-sampedrino\/black1\/\" data-orig-file=\"https:\/\/eldiariodesanpedro.com.ar\/sitio\/wp-content\/uploads\/2018\/07\/black1.jpg\" data-orig-size=\"1280,959\" data-comments-opened=\"1\" data-image-meta=\"{&quot;aperture&quot;:&quot;0&quot;,&quot;credit&quot;:&quot;&quot;,&quot;camera&quot;:&quot;&quot;,&quot;caption&quot;:&quot;&quot;,&quot;created_timestamp&quot;:&quot;0&quot;,&quot;copyright&quot;:&quot;&quot;,&quot;focal_length&quot;:&quot;0&quot;,&quot;iso&quot;:&quot;0&quot;,&quot;shutter_speed&quot;:&quot;0&quot;,&quot;title&quot;:&quot;&quot;,&quot;orientation&quot;:&quot;0&quot;}\" data-image-title=\"black1\" data-image-description=\"\" data-image-caption=\"\" data-large-file=\"https:\/\/eldiariodesanpedro.com.ar\/sitio\/wp-content\/uploads\/2018\/07\/black1-1024x767.jpg\" data-src=\"https:\/\/eldiariodesanpedro.com.ar\/sitio\/wp-content\/uploads\/2018\/07\/black1-1024x767.jpg\" alt=\"\" width=\"660\" height=\"494\" class=\"alignnone size-large wp-image-37243 lazyload\" data-srcset=\"https:\/\/eldiariodesanpedro.com.ar\/sitio\/wp-content\/uploads\/2018\/07\/black1-1024x767.jpg 1024w, https:\/\/eldiariodesanpedro.com.ar\/sitio\/wp-content\/uploads\/2018\/07\/black1-300x225.jpg 300w, https:\/\/eldiariodesanpedro.com.ar\/sitio\/wp-content\/uploads\/2018\/07\/black1-768x575.jpg 768w, https:\/\/eldiariodesanpedro.com.ar\/sitio\/wp-content\/uploads\/2018\/07\/black1.jpg 1280w\" data-sizes=\"(max-width: 660px) 100vw, 660px\" src=\"data:image\/svg+xml;base64,PHN2ZyB3aWR0aD0iMSIgaGVpZ2h0PSIxIiB4bWxucz0iaHR0cDovL3d3dy53My5vcmcvMjAwMC9zdmciPjwvc3ZnPg==\" style=\"--smush-placeholder-width: 660px; --smush-placeholder-aspect-ratio: 660\/494;\" \/><\/p>\n","protected":false},"excerpt":{"rendered":"<p>El Centro de Comercio Industria y Turismo de San Pedro junto a la Subsecretar\u00eda de Desarrollo Econ\u00f3mico de la Municipalidad, preparan el lanzamiento del primer \u201cBlack Friday\u201d sampedrino que tomando como referencia las famosas campa\u00f1as de comercio electr\u00f3nico, tendr\u00e1 su versi\u00f3n local con una jornada de descuentos y promociones en comercios y empresas diversas. La [&hellip;]<\/p>\n","protected":false},"author":4,"featured_media":37239,"comment_status":"open","ping_status":"closed","sticky":false,"template":"","format":"standard","meta":{"om_disable_all_campaigns":false,"_jetpack_memberships_contains_paid_content":false,"footnotes":""},"categories":[101,2],"tags":[],"class_list":["post-37236","post","type-post","status-publish","format-standard","has-post-thumbnail","hentry","category-interes-general-locales","category-locales"],"aioseo_notices":[],"gutentor_comment":0,"jetpack_featured_media_url":"https:\/\/eldiariodesanpedro.com.ar\/sitio\/wp-content\/uploads\/2018\/07\/15114613237256.jpg","jetpack_shortlink":"https:\/\/wp.me\/p6RhLt-9GA","jetpack_sharing_enabled":true,"_links":{"self":[{"href":"https:\/\/eldiariodesanpedro.com.ar\/sitio\/wp-json\/wp\/v2\/posts\/37236","targetHints":{"allow":["GET"]}}],"collection":[{"href":"https:\/\/eldiariodesanpedro.com.ar\/sitio\/wp-json\/wp\/v2\/posts"}],"about":[{"href":"https:\/\/eldiariodesanpedro.com.ar\/sitio\/wp-json\/wp\/v2\/types\/post"}],"author":[{"embeddable":true,"href":"https:\/\/eldiariodesanpedro.com.ar\/sitio\/wp-json\/wp\/v2\/users\/4"}],"replies":[{"embeddable":true,"href":"https:\/\/eldiariodesanpedro.com.ar\/sitio\/wp-json\/wp\/v2\/comments?post=37236"}],"version-history":[{"count":3,"href":"https:\/\/eldiariodesanpedro.com.ar\/sitio\/wp-json\/wp\/v2\/posts\/37236\/revisions"}],"predecessor-version":[{"id":37245,"href":"https:\/\/eldiariodesanpedro.com.ar\/sitio\/wp-json\/wp\/v2\/posts\/37236\/revisions\/37245"}],"wp:featuredmedia":[{"embeddable":true,"href":"https:\/\/eldiariodesanpedro.com.ar\/sitio\/wp-json\/wp\/v2\/media\/37239"}],"wp:attachment":[{"href":"https:\/\/eldiariodesanpedro.com.ar\/sitio\/wp-json\/wp\/v2\/media?parent=37236"}],"wp:term":[{"taxonomy":"category","embeddable":true,"href":"https:\/\/eldiariodesanpedro.com.ar\/sitio\/wp-json\/wp\/v2\/categories?post=37236"},{"taxonomy":"post_tag","embeddable":true,"href":"https:\/\/eldiariodesanpedro.com.ar\/sitio\/wp-json\/wp\/v2\/tags?post=37236"}],"curies":[{"name":"wp","href":"https:\/\/api.w.org\/{rel}","templated":true}]}}