{"id":37235,"date":"2018-07-27T10:06:09","date_gmt":"2018-07-27T13:06:09","guid":{"rendered":"https:\/\/eldiariodesanpedro.com.ar\/sitio\/?p=37235"},"modified":"2018-07-27T10:11:56","modified_gmt":"2018-07-27T13:11:56","slug":"un-hombre-golpeo-a-su-ex-pareja-teniendo-exclusion-perimetral","status":"publish","type":"post","link":"https:\/\/eldiariodesanpedro.com.ar\/sitio\/un-hombre-golpeo-a-su-ex-pareja-teniendo-exclusion-perimetral\/","title":{"rendered":"Un hombre golpe\u00f3 a su ex pareja teniendo exclusion perimetral"},"content":{"rendered":"<p><!-- VideographyWP Plugin Message: Automatic video embedding prevented by plugin options. --><br \/>\nEl violento hecho ocurri\u00f3 este jueves por la tarde, cuando personal policial en servicio, acude a un evento por un llamado a trav\u00e9s del sistema de emergencias al 911, a una vivienda sita en  calle 24 de febrero por violencia familiar.<\/p>\n<p>All\u00ed constataron que una mujer de 46 a\u00f1os de edad, moradora del lugar, hab\u00eda sido agredida f\u00edsicamente estando lesionada por su ex pareja que se encontraba junto a ella en el interior de la vivienda pese a tener exclusi\u00f3n perimetral. <\/p>\n<p>Mientras personal se dispon\u00eda aprehender al agresor, aparece en escena un hijo en com\u00fan de ambos, quien a traici\u00f3n y con el fin de rescatar a su padre, aplica golpe de pu\u00f1o a Sargento de esta polic\u00eda lesion\u00e1ndolo y emprende a la fuga.<\/p>\n<p>Igualmente se procedi\u00f3 a la aprehensi\u00f3n del agresor de 54 a\u00f1os de edad, y traslado a la sede policial, donde permanece alojado a disposici\u00f3n de la Fiscal\u00eda en turno. <\/p>\n<p>La V\u00edctima y el efectivo policial agredido presentan lesiones y fueron asistidos por el medico de guardia del Hospital Subzonal San Pedro.<\/p>\n","protected":false},"excerpt":{"rendered":"<p>El violento hecho ocurri\u00f3 este jueves por la tarde, cuando personal policial en servicio, acude a un evento por un llamado a trav\u00e9s del sistema de emergencias al 911, a una vivienda sita en calle 24 de febrero por violencia familiar. All\u00ed constataron que una mujer de 46 a\u00f1os de edad, moradora del lugar, hab\u00eda [&hellip;]<\/p>\n","protected":false},"author":4,"featured_media":37237,"comment_status":"open","ping_status":"closed","sticky":false,"template":"","format":"standard","meta":{"om_disable_all_campaigns":false,"_jetpack_memberships_contains_paid_content":false,"footnotes":""},"categories":[2,103],"tags":[],"class_list":["post-37235","post","type-post","status-publish","format-standard","has-post-thumbnail","hentry","category-locales","category-policiales-locales"],"aioseo_notices":[],"gutentor_comment":0,"jetpack_featured_media_url":"https:\/\/eldiariodesanpedro.com.ar\/sitio\/wp-content\/uploads\/2018\/07\/351879-e1532696737212.jpg","jetpack_shortlink":"https:\/\/wp.me\/p6RhLt-9Gz","jetpack_sharing_enabled":true,"_links":{"self":[{"href":"https:\/\/eldiariodesanpedro.com.ar\/sitio\/wp-json\/wp\/v2\/posts\/37235","targetHints":{"allow":["GET"]}}],"collection":[{"href":"https:\/\/eldiariodesanpedro.com.ar\/sitio\/wp-json\/wp\/v2\/posts"}],"about":[{"href":"https:\/\/eldiariodesanpedro.com.ar\/sitio\/wp-json\/wp\/v2\/types\/post"}],"author":[{"embeddable":true,"href":"https:\/\/eldiariodesanpedro.com.ar\/sitio\/wp-json\/wp\/v2\/users\/4"}],"replies":[{"embeddable":true,"href":"https:\/\/eldiariodesanpedro.com.ar\/sitio\/wp-json\/wp\/v2\/comments?post=37235"}],"version-history":[{"count":2,"href":"https:\/\/eldiariodesanpedro.com.ar\/sitio\/wp-json\/wp\/v2\/posts\/37235\/revisions"}],"predecessor-version":[{"id":37240,"href":"https:\/\/eldiariodesanpedro.com.ar\/sitio\/wp-json\/wp\/v2\/posts\/37235\/revisions\/37240"}],"wp:featuredmedia":[{"embeddable":true,"href":"https:\/\/eldiariodesanpedro.com.ar\/sitio\/wp-json\/wp\/v2\/media\/37237"}],"wp:attachment":[{"href":"https:\/\/eldiariodesanpedro.com.ar\/sitio\/wp-json\/wp\/v2\/media?parent=37235"}],"wp:term":[{"taxonomy":"category","embeddable":true,"href":"https:\/\/eldiariodesanpedro.com.ar\/sitio\/wp-json\/wp\/v2\/categories?post=37235"},{"taxonomy":"post_tag","embeddable":true,"href":"https:\/\/eldiariodesanpedro.com.ar\/sitio\/wp-json\/wp\/v2\/tags?post=37235"}],"curies":[{"name":"wp","href":"https:\/\/api.w.org\/{rel}","templated":true}]}}