{"id":37233,"date":"2018-07-27T09:48:58","date_gmt":"2018-07-27T12:48:58","guid":{"rendered":"https:\/\/eldiariodesanpedro.com.ar\/sitio\/?p=37233"},"modified":"2018-07-27T09:48:58","modified_gmt":"2018-07-27T12:48:58","slug":"un-menor-aprehendido-tras-intentar-robar-una-bicicleta","status":"publish","type":"post","link":"https:\/\/eldiariodesanpedro.com.ar\/sitio\/un-menor-aprehendido-tras-intentar-robar-una-bicicleta\/","title":{"rendered":"Un menor aprehendido tras intentar robar una bicicleta"},"content":{"rendered":"<p><!-- VideographyWP Plugin Message: Automatic video embedding prevented by plugin options. --><\/p>\n<p>En la ma\u00f1ana de este jueves, promediando las 11:30hs, personal policial alertado tras r\u00e1pido proceder, se procedi\u00f3 a la aprehensi\u00f3n en calle Pellegrini e Italia (verduler\u00eda \u201cLA PANCHITA\u201d) de un adolescente de 16 a\u00f1os de edad, quien momentos antes intentaba despojar sin violencia una bicicleta, del tipo paseo de mujer, con bolso en el canasto, a una vecina del lugar de 66 a\u00f1os.<\/p>\n<p>Intervino la Fiscal\u00eda juvenil de San Nicol\u00e1s y el menor fue entregado a su familia, tras cumplimentar recaudos legales.<\/p>\n","protected":false},"excerpt":{"rendered":"<p>En la ma\u00f1ana de este jueves, promediando las 11:30hs, personal policial alertado tras r\u00e1pido proceder, se procedi\u00f3 a la aprehensi\u00f3n en calle Pellegrini e Italia (verduler\u00eda \u201cLA PANCHITA\u201d) de un adolescente de 16 a\u00f1os de edad, quien momentos antes intentaba despojar sin violencia una bicicleta, del tipo paseo de mujer, con bolso en el canasto, [&hellip;]<\/p>\n","protected":false},"author":4,"featured_media":13371,"comment_status":"open","ping_status":"closed","sticky":false,"template":"","format":"standard","meta":{"om_disable_all_campaigns":false,"_jetpack_memberships_contains_paid_content":false,"footnotes":""},"categories":[2,103],"tags":[],"class_list":["post-37233","post","type-post","status-publish","format-standard","has-post-thumbnail","hentry","category-locales","category-policiales-locales"],"aioseo_notices":[],"gutentor_comment":0,"jetpack_featured_media_url":"https:\/\/eldiariodesanpedro.com.ar\/sitio\/wp-content\/uploads\/2017\/01\/Patrulla-3-e1485286104708.jpg","jetpack_shortlink":"https:\/\/wp.me\/p6RhLt-9Gx","jetpack_sharing_enabled":true,"_links":{"self":[{"href":"https:\/\/eldiariodesanpedro.com.ar\/sitio\/wp-json\/wp\/v2\/posts\/37233","targetHints":{"allow":["GET"]}}],"collection":[{"href":"https:\/\/eldiariodesanpedro.com.ar\/sitio\/wp-json\/wp\/v2\/posts"}],"about":[{"href":"https:\/\/eldiariodesanpedro.com.ar\/sitio\/wp-json\/wp\/v2\/types\/post"}],"author":[{"embeddable":true,"href":"https:\/\/eldiariodesanpedro.com.ar\/sitio\/wp-json\/wp\/v2\/users\/4"}],"replies":[{"embeddable":true,"href":"https:\/\/eldiariodesanpedro.com.ar\/sitio\/wp-json\/wp\/v2\/comments?post=37233"}],"version-history":[{"count":1,"href":"https:\/\/eldiariodesanpedro.com.ar\/sitio\/wp-json\/wp\/v2\/posts\/37233\/revisions"}],"predecessor-version":[{"id":37234,"href":"https:\/\/eldiariodesanpedro.com.ar\/sitio\/wp-json\/wp\/v2\/posts\/37233\/revisions\/37234"}],"wp:featuredmedia":[{"embeddable":true,"href":"https:\/\/eldiariodesanpedro.com.ar\/sitio\/wp-json\/wp\/v2\/media\/13371"}],"wp:attachment":[{"href":"https:\/\/eldiariodesanpedro.com.ar\/sitio\/wp-json\/wp\/v2\/media?parent=37233"}],"wp:term":[{"taxonomy":"category","embeddable":true,"href":"https:\/\/eldiariodesanpedro.com.ar\/sitio\/wp-json\/wp\/v2\/categories?post=37233"},{"taxonomy":"post_tag","embeddable":true,"href":"https:\/\/eldiariodesanpedro.com.ar\/sitio\/wp-json\/wp\/v2\/tags?post=37233"}],"curies":[{"name":"wp","href":"https:\/\/api.w.org\/{rel}","templated":true}]}}