{"id":37228,"date":"2018-07-27T09:35:54","date_gmt":"2018-07-27T12:35:54","guid":{"rendered":"https:\/\/eldiariodesanpedro.com.ar\/sitio\/?p=37228"},"modified":"2018-07-27T09:35:54","modified_gmt":"2018-07-27T12:35:54","slug":"sigue-la-busqueda-del-automovil-v-w-gol-blanco-que-fue-robado-en-la-madrugada-del-jueves","status":"publish","type":"post","link":"https:\/\/eldiariodesanpedro.com.ar\/sitio\/sigue-la-busqueda-del-automovil-v-w-gol-blanco-que-fue-robado-en-la-madrugada-del-jueves\/","title":{"rendered":"Sigue la b\u00fasqueda del autom\u00f3vil V.W Gol blanco que fue robado en la madrugada del jueves"},"content":{"rendered":"<p><!-- VideographyWP Plugin Message: Automatic video embedding prevented by plugin options. --><br \/>\nSe conoci\u00f3 la noticia este jueves por la ma\u00f1ana cuando un ciudadano mayor de edad posteaba en su cuenta de facebook que le hab\u00edan robado de la puerta de su casa un autom\u00f3vil marca V.W Gol color blanco modelo 92, que era de su propiedad.<\/p>\n<p>Al radicar su denuncia en la Comisaria Local se empez\u00f3 r\u00e1pidamente la b\u00fasqueda que hasta ahora no se ha encontrado nada.<\/p>\n<p>Seg\u00fan testimonios que se pudo recaudar, el auto fue sustra\u00eddo a la madrugada, estaba estacionado sobre calle Miguel Porta al 2000 y seg\u00fan cuenta un vecino \u00abel auto a las cinco de la ma\u00f1ana, cuando nos fuimos a trabajar, ya no estaba\u00bb.<\/p>\n<p><img decoding=\"async\" data-attachment-id=\"37231\" data-permalink=\"https:\/\/eldiariodesanpedro.com.ar\/sitio\/sigue-la-busqueda-del-automovil-v-w-gol-blanco-que-fue-robado-en-la-madrugada-del-jueves\/whatsapp-image-2018-07-27-at-09-33-17\/\" data-orig-file=\"https:\/\/eldiariodesanpedro.com.ar\/sitio\/wp-content\/uploads\/2018\/07\/WhatsApp-Image-2018-07-27-at-09.33.17.jpeg\" data-orig-size=\"720,1280\" data-comments-opened=\"1\" data-image-meta=\"{&quot;aperture&quot;:&quot;0&quot;,&quot;credit&quot;:&quot;&quot;,&quot;camera&quot;:&quot;&quot;,&quot;caption&quot;:&quot;&quot;,&quot;created_timestamp&quot;:&quot;0&quot;,&quot;copyright&quot;:&quot;&quot;,&quot;focal_length&quot;:&quot;0&quot;,&quot;iso&quot;:&quot;0&quot;,&quot;shutter_speed&quot;:&quot;0&quot;,&quot;title&quot;:&quot;&quot;,&quot;orientation&quot;:&quot;0&quot;}\" data-image-title=\"WhatsApp Image 2018-07-27 at 09.33.17\" data-image-description=\"\" data-image-caption=\"\" data-large-file=\"https:\/\/eldiariodesanpedro.com.ar\/sitio\/wp-content\/uploads\/2018\/07\/WhatsApp-Image-2018-07-27-at-09.33.17-576x1024.jpeg\" data-src=\"https:\/\/eldiariodesanpedro.com.ar\/sitio\/wp-content\/uploads\/2018\/07\/WhatsApp-Image-2018-07-27-at-09.33.17-576x1024.jpeg\" alt=\"\" width=\"576\" height=\"1024\" class=\"alignnone size-large wp-image-37231 lazyload\" data-srcset=\"https:\/\/eldiariodesanpedro.com.ar\/sitio\/wp-content\/uploads\/2018\/07\/WhatsApp-Image-2018-07-27-at-09.33.17-576x1024.jpeg 576w, https:\/\/eldiariodesanpedro.com.ar\/sitio\/wp-content\/uploads\/2018\/07\/WhatsApp-Image-2018-07-27-at-09.33.17-169x300.jpeg 169w, https:\/\/eldiariodesanpedro.com.ar\/sitio\/wp-content\/uploads\/2018\/07\/WhatsApp-Image-2018-07-27-at-09.33.17.jpeg 720w\" data-sizes=\"(max-width: 576px) 100vw, 576px\" src=\"data:image\/svg+xml;base64,PHN2ZyB3aWR0aD0iMSIgaGVpZ2h0PSIxIiB4bWxucz0iaHR0cDovL3d3dy53My5vcmcvMjAwMC9zdmciPjwvc3ZnPg==\" style=\"--smush-placeholder-width: 576px; --smush-placeholder-aspect-ratio: 576\/1024;\" \/><\/p>\n","protected":false},"excerpt":{"rendered":"<p>Se conoci\u00f3 la noticia este jueves por la ma\u00f1ana cuando un ciudadano mayor de edad posteaba en su cuenta de facebook que le hab\u00edan robado de la puerta de su casa un autom\u00f3vil marca V.W Gol color blanco modelo 92, que era de su propiedad. Al radicar su denuncia en la Comisaria Local se empez\u00f3 [&hellip;]<\/p>\n","protected":false},"author":4,"featured_media":37230,"comment_status":"open","ping_status":"closed","sticky":false,"template":"","format":"standard","meta":{"om_disable_all_campaigns":false,"_jetpack_memberships_contains_paid_content":false,"footnotes":""},"categories":[50,2,103],"tags":[],"class_list":["post-37228","post","type-post","status-publish","format-standard","has-post-thumbnail","hentry","category-destacadas","category-locales","category-policiales-locales"],"aioseo_notices":[],"gutentor_comment":0,"jetpack_featured_media_url":"https:\/\/eldiariodesanpedro.com.ar\/sitio\/wp-content\/uploads\/2018\/07\/37915810_1958692964150863_7290662493393780736_n.jpg","jetpack_shortlink":"https:\/\/wp.me\/p6RhLt-9Gs","jetpack_sharing_enabled":true,"_links":{"self":[{"href":"https:\/\/eldiariodesanpedro.com.ar\/sitio\/wp-json\/wp\/v2\/posts\/37228","targetHints":{"allow":["GET"]}}],"collection":[{"href":"https:\/\/eldiariodesanpedro.com.ar\/sitio\/wp-json\/wp\/v2\/posts"}],"about":[{"href":"https:\/\/eldiariodesanpedro.com.ar\/sitio\/wp-json\/wp\/v2\/types\/post"}],"author":[{"embeddable":true,"href":"https:\/\/eldiariodesanpedro.com.ar\/sitio\/wp-json\/wp\/v2\/users\/4"}],"replies":[{"embeddable":true,"href":"https:\/\/eldiariodesanpedro.com.ar\/sitio\/wp-json\/wp\/v2\/comments?post=37228"}],"version-history":[{"count":1,"href":"https:\/\/eldiariodesanpedro.com.ar\/sitio\/wp-json\/wp\/v2\/posts\/37228\/revisions"}],"predecessor-version":[{"id":37232,"href":"https:\/\/eldiariodesanpedro.com.ar\/sitio\/wp-json\/wp\/v2\/posts\/37228\/revisions\/37232"}],"wp:featuredmedia":[{"embeddable":true,"href":"https:\/\/eldiariodesanpedro.com.ar\/sitio\/wp-json\/wp\/v2\/media\/37230"}],"wp:attachment":[{"href":"https:\/\/eldiariodesanpedro.com.ar\/sitio\/wp-json\/wp\/v2\/media?parent=37228"}],"wp:term":[{"taxonomy":"category","embeddable":true,"href":"https:\/\/eldiariodesanpedro.com.ar\/sitio\/wp-json\/wp\/v2\/categories?post=37228"},{"taxonomy":"post_tag","embeddable":true,"href":"https:\/\/eldiariodesanpedro.com.ar\/sitio\/wp-json\/wp\/v2\/tags?post=37228"}],"curies":[{"name":"wp","href":"https:\/\/api.w.org\/{rel}","templated":true}]}}