{"id":37222,"date":"2018-07-27T08:30:10","date_gmt":"2018-07-27T11:30:10","guid":{"rendered":"https:\/\/eldiariodesanpedro.com.ar\/sitio\/?p=37222"},"modified":"2018-07-27T10:14:09","modified_gmt":"2018-07-27T13:14:09","slug":"tenia-en-su-poder-una-escopeta-y-fue-aprehendido","status":"publish","type":"post","link":"https:\/\/eldiariodesanpedro.com.ar\/sitio\/tenia-en-su-poder-una-escopeta-y-fue-aprehendido\/","title":{"rendered":"Ten\u00eda en su poder una escopeta y fue aprehendido"},"content":{"rendered":"<p><!-- VideographyWP Plugin Message: Automatic video embedding prevented by plugin options. --><br \/>\nEn la noche del jueves, personal de la Polic\u00eda Rural que se encontraba patrullando en callej\u00f3n sin nombre y callej\u00f3n de acceso a Barrio La Tosquera, interceptan a un ciudadano de 32 a\u00f1os de edad, quien circulaba caminando y ten\u00eda en su poder un arma de fuego tipo escopeta, marca Centauro, serie N\u00b0 966, calibre 20 y 25 cartuchos intactos marca Orbea mismo calibre.<\/p>\n<p>Mantenida comunicaci\u00f3n con UFI N\u00b05, a cargo del Dr. Marcelo Manso, dispuso la aprehensi\u00f3n y recaudos legales por el delito de Tenencia Ilegal de Arma de Fuego, debiendo permanecer aprehendido en la Dependencia Local hasta audiencia de declaraci\u00f3n indagatoria.<\/p>\n<p><img decoding=\"async\" data-attachment-id=\"37223\" data-permalink=\"https:\/\/eldiariodesanpedro.com.ar\/sitio\/tenia-en-su-poder-una-escopeta-y-fue-aprehendido\/whatsapp-image-2018-07-26-at-22-19-35\/\" data-orig-file=\"https:\/\/eldiariodesanpedro.com.ar\/sitio\/wp-content\/uploads\/2018\/07\/WhatsApp-Image-2018-07-26-at-22.19.35.jpeg\" data-orig-size=\"960,1280\" data-comments-opened=\"1\" data-image-meta=\"{&quot;aperture&quot;:&quot;0&quot;,&quot;credit&quot;:&quot;&quot;,&quot;camera&quot;:&quot;&quot;,&quot;caption&quot;:&quot;&quot;,&quot;created_timestamp&quot;:&quot;0&quot;,&quot;copyright&quot;:&quot;&quot;,&quot;focal_length&quot;:&quot;0&quot;,&quot;iso&quot;:&quot;0&quot;,&quot;shutter_speed&quot;:&quot;0&quot;,&quot;title&quot;:&quot;&quot;,&quot;orientation&quot;:&quot;0&quot;}\" data-image-title=\"WhatsApp Image 2018-07-26 at 22.19.35\" data-image-description=\"\" data-image-caption=\"\" data-large-file=\"https:\/\/eldiariodesanpedro.com.ar\/sitio\/wp-content\/uploads\/2018\/07\/WhatsApp-Image-2018-07-26-at-22.19.35-768x1024.jpeg\" class=\"alignnone size-large wp-image-37223 lazyload\" data-src=\"https:\/\/eldiariodesanpedro.com.ar\/sitio\/wp-content\/uploads\/2018\/07\/WhatsApp-Image-2018-07-26-at-22.19.35-768x1024.jpeg\" alt=\"\" width=\"660\" height=\"880\" data-srcset=\"https:\/\/eldiariodesanpedro.com.ar\/sitio\/wp-content\/uploads\/2018\/07\/WhatsApp-Image-2018-07-26-at-22.19.35-768x1024.jpeg 768w, https:\/\/eldiariodesanpedro.com.ar\/sitio\/wp-content\/uploads\/2018\/07\/WhatsApp-Image-2018-07-26-at-22.19.35-225x300.jpeg 225w, https:\/\/eldiariodesanpedro.com.ar\/sitio\/wp-content\/uploads\/2018\/07\/WhatsApp-Image-2018-07-26-at-22.19.35.jpeg 960w\" data-sizes=\"(max-width: 660px) 100vw, 660px\" src=\"data:image\/svg+xml;base64,PHN2ZyB3aWR0aD0iMSIgaGVpZ2h0PSIxIiB4bWxucz0iaHR0cDovL3d3dy53My5vcmcvMjAwMC9zdmciPjwvc3ZnPg==\" style=\"--smush-placeholder-width: 660px; --smush-placeholder-aspect-ratio: 660\/880;\" \/><\/p>\n<p><img decoding=\"async\" data-attachment-id=\"37224\" data-permalink=\"https:\/\/eldiariodesanpedro.com.ar\/sitio\/tenia-en-su-poder-una-escopeta-y-fue-aprehendido\/whatsapp-image-2018-07-26-at-22-19-36\/\" data-orig-file=\"https:\/\/eldiariodesanpedro.com.ar\/sitio\/wp-content\/uploads\/2018\/07\/WhatsApp-Image-2018-07-26-at-22.19.36.jpeg\" data-orig-size=\"1280,960\" data-comments-opened=\"1\" data-image-meta=\"{&quot;aperture&quot;:&quot;0&quot;,&quot;credit&quot;:&quot;&quot;,&quot;camera&quot;:&quot;&quot;,&quot;caption&quot;:&quot;&quot;,&quot;created_timestamp&quot;:&quot;0&quot;,&quot;copyright&quot;:&quot;&quot;,&quot;focal_length&quot;:&quot;0&quot;,&quot;iso&quot;:&quot;0&quot;,&quot;shutter_speed&quot;:&quot;0&quot;,&quot;title&quot;:&quot;&quot;,&quot;orientation&quot;:&quot;0&quot;}\" data-image-title=\"WhatsApp Image 2018-07-26 at 22.19.36\" data-image-description=\"\" data-image-caption=\"\" data-large-file=\"https:\/\/eldiariodesanpedro.com.ar\/sitio\/wp-content\/uploads\/2018\/07\/WhatsApp-Image-2018-07-26-at-22.19.36-1024x768.jpeg\" class=\"alignnone size-large wp-image-37224 lazyload\" data-src=\"https:\/\/eldiariodesanpedro.com.ar\/sitio\/wp-content\/uploads\/2018\/07\/WhatsApp-Image-2018-07-26-at-22.19.36-1024x768.jpeg\" alt=\"\" width=\"660\" height=\"495\" data-srcset=\"https:\/\/eldiariodesanpedro.com.ar\/sitio\/wp-content\/uploads\/2018\/07\/WhatsApp-Image-2018-07-26-at-22.19.36-1024x768.jpeg 1024w, https:\/\/eldiariodesanpedro.com.ar\/sitio\/wp-content\/uploads\/2018\/07\/WhatsApp-Image-2018-07-26-at-22.19.36-300x225.jpeg 300w, https:\/\/eldiariodesanpedro.com.ar\/sitio\/wp-content\/uploads\/2018\/07\/WhatsApp-Image-2018-07-26-at-22.19.36-768x576.jpeg 768w, https:\/\/eldiariodesanpedro.com.ar\/sitio\/wp-content\/uploads\/2018\/07\/WhatsApp-Image-2018-07-26-at-22.19.36.jpeg 1280w\" data-sizes=\"(max-width: 660px) 100vw, 660px\" src=\"data:image\/svg+xml;base64,PHN2ZyB3aWR0aD0iMSIgaGVpZ2h0PSIxIiB4bWxucz0iaHR0cDovL3d3dy53My5vcmcvMjAwMC9zdmciPjwvc3ZnPg==\" style=\"--smush-placeholder-width: 660px; --smush-placeholder-aspect-ratio: 660\/495;\" \/><\/p>\n","protected":false},"excerpt":{"rendered":"<p>En la noche del jueves, personal de la Polic\u00eda Rural que se encontraba patrullando en callej\u00f3n sin nombre y callej\u00f3n de acceso a Barrio La Tosquera, interceptan a un ciudadano de 32 a\u00f1os de edad, quien circulaba caminando y ten\u00eda en su poder un arma de fuego tipo escopeta, marca Centauro, serie N\u00b0 966, calibre [&hellip;]<\/p>\n","protected":false},"author":4,"featured_media":37224,"comment_status":"open","ping_status":"closed","sticky":false,"template":"","format":"standard","meta":{"om_disable_all_campaigns":false,"_jetpack_memberships_contains_paid_content":false,"footnotes":""},"categories":[2,103],"tags":[],"class_list":["post-37222","post","type-post","status-publish","format-standard","has-post-thumbnail","hentry","category-locales","category-policiales-locales"],"aioseo_notices":[],"gutentor_comment":0,"jetpack_featured_media_url":"https:\/\/eldiariodesanpedro.com.ar\/sitio\/wp-content\/uploads\/2018\/07\/WhatsApp-Image-2018-07-26-at-22.19.36.jpeg","jetpack_shortlink":"https:\/\/wp.me\/p6RhLt-9Gm","jetpack_sharing_enabled":true,"_links":{"self":[{"href":"https:\/\/eldiariodesanpedro.com.ar\/sitio\/wp-json\/wp\/v2\/posts\/37222","targetHints":{"allow":["GET"]}}],"collection":[{"href":"https:\/\/eldiariodesanpedro.com.ar\/sitio\/wp-json\/wp\/v2\/posts"}],"about":[{"href":"https:\/\/eldiariodesanpedro.com.ar\/sitio\/wp-json\/wp\/v2\/types\/post"}],"author":[{"embeddable":true,"href":"https:\/\/eldiariodesanpedro.com.ar\/sitio\/wp-json\/wp\/v2\/users\/4"}],"replies":[{"embeddable":true,"href":"https:\/\/eldiariodesanpedro.com.ar\/sitio\/wp-json\/wp\/v2\/comments?post=37222"}],"version-history":[{"count":1,"href":"https:\/\/eldiariodesanpedro.com.ar\/sitio\/wp-json\/wp\/v2\/posts\/37222\/revisions"}],"predecessor-version":[{"id":37225,"href":"https:\/\/eldiariodesanpedro.com.ar\/sitio\/wp-json\/wp\/v2\/posts\/37222\/revisions\/37225"}],"wp:featuredmedia":[{"embeddable":true,"href":"https:\/\/eldiariodesanpedro.com.ar\/sitio\/wp-json\/wp\/v2\/media\/37224"}],"wp:attachment":[{"href":"https:\/\/eldiariodesanpedro.com.ar\/sitio\/wp-json\/wp\/v2\/media?parent=37222"}],"wp:term":[{"taxonomy":"category","embeddable":true,"href":"https:\/\/eldiariodesanpedro.com.ar\/sitio\/wp-json\/wp\/v2\/categories?post=37222"},{"taxonomy":"post_tag","embeddable":true,"href":"https:\/\/eldiariodesanpedro.com.ar\/sitio\/wp-json\/wp\/v2\/tags?post=37222"}],"curies":[{"name":"wp","href":"https:\/\/api.w.org\/{rel}","templated":true}]}}