{"id":37217,"date":"2018-07-26T20:43:15","date_gmt":"2018-07-26T23:43:15","guid":{"rendered":"https:\/\/eldiariodesanpedro.com.ar\/sitio\/?p=37217"},"modified":"2026-01-23T23:51:29","modified_gmt":"2026-01-24T02:51:29","slug":"baby-futbol-provincial-2007-san-pedro-campeon-luego-de-superar-a-san-nicolas-3-a-0","status":"publish","type":"post","link":"https:\/\/eldiariodesanpedro.com.ar\/sitio\/baby-futbol-provincial-2007-san-pedro-campeon-luego-de-superar-a-san-nicolas-3-a-0\/","title":{"rendered":"BABY F\u00daTBOL: Provincial 2007: San Pedro campe\u00f3n, luego de superar a San Nicol\u00e1s 3 a 0"},"content":{"rendered":"<p><!-- VideographyWP Plugin Message: Automatic video embedding prevented by plugin options. --><br \/>\n  El seleccionado rojo de San Pedro venci\u00f3 3-0 a San Nicol\u00e1s \u201cAzul\u201d y se consagr\u00f3 campe\u00f3n, al igual que el a\u00f1o pasado, del Torneo Provincial de San Nicol\u00e1s. Los goles lo convirtieron Trezzini en dos oportunidades y Alexis Jatil.<\/p>\n<p>  Fue el mejor partido que jug\u00f3 en el campeonato el combinado rojo, tal vez, si se analiza el desarrollo del encuentro, a San Pedro le cost\u00f3 m\u00e1s incluso los partidos de la fase de grupos. Todo m\u00e9rito de los chicos, que jugaron un partido excelente, y en el primer tiempo ya lo ganaban 2-0 con goles de Trezzini y Jatil. En el segundo tiempo, nuevamente el jugador de San Roque, Trezzini, liquido el partido con el 3-0 final.<\/p>\n<p><strong>El plantel campe\u00f3n<\/strong><br \/>\nBautista L\u00f3pez (Paran\u00e1)<br \/>\nMart\u00edn Tagliatore (Mitre)<br \/>\nValent\u00edn Correa (Paran\u00e1)<br \/>\nAgust\u00edn Campos (San Roque)<br \/>\nLorenzo Ar\u00e9valo (Castro FC)<br \/>\nSantiago Unamuno (Central C\u00f3rdoba)<br \/>\nEnzo Menegoni (Paran\u00e1)<br \/>\nAlexis Jatil (Paran\u00e1)<br \/>\nGenaro D\u00edaz (Los Andes)<br \/>\nJuli\u00e1n Cerruti (Castro FC)<br \/>\nValent\u00edn Trezzini (San Roque)<br \/>\nAmaro Huesa (Los Andes)<br \/>\nDT: Jes\u00fas Campos<br \/>\nAC: Mart\u00edn Actis<\/p>\n","protected":false},"excerpt":{"rendered":"<p>El seleccionado rojo de San Pedro venci\u00f3 3-0 a San Nicol\u00e1s \u201cAzul\u201d y se consagr\u00f3 campe\u00f3n, al igual que el a\u00f1o pasado, del Torneo Provincial de San Nicol\u00e1s. Los goles lo convirtieron Trezzini en dos oportunidades y Alexis Jatil. Fue el mejor partido que jug\u00f3 en el campeonato el combinado rojo, tal vez, si se [&hellip;]<\/p>\n","protected":false},"author":4,"featured_media":37219,"comment_status":"open","ping_status":"closed","sticky":false,"template":"","format":"standard","meta":{"om_disable_all_campaigns":false,"_jetpack_memberships_contains_paid_content":false,"footnotes":""},"categories":[5],"tags":[],"class_list":["post-37217","post","type-post","status-publish","format-standard","has-post-thumbnail","hentry","category-deportes"],"aioseo_notices":[],"gutentor_comment":0,"jetpack_featured_media_url":"https:\/\/eldiariodesanpedro.com.ar\/sitio\/wp-content\/uploads\/2018\/07\/Posa-el-campe\u00f3n-con-los-trofeos.jpg","jetpack_shortlink":"https:\/\/wp.me\/p6RhLt-9Gh","jetpack_sharing_enabled":true,"_links":{"self":[{"href":"https:\/\/eldiariodesanpedro.com.ar\/sitio\/wp-json\/wp\/v2\/posts\/37217","targetHints":{"allow":["GET"]}}],"collection":[{"href":"https:\/\/eldiariodesanpedro.com.ar\/sitio\/wp-json\/wp\/v2\/posts"}],"about":[{"href":"https:\/\/eldiariodesanpedro.com.ar\/sitio\/wp-json\/wp\/v2\/types\/post"}],"author":[{"embeddable":true,"href":"https:\/\/eldiariodesanpedro.com.ar\/sitio\/wp-json\/wp\/v2\/users\/4"}],"replies":[{"embeddable":true,"href":"https:\/\/eldiariodesanpedro.com.ar\/sitio\/wp-json\/wp\/v2\/comments?post=37217"}],"version-history":[{"count":1,"href":"https:\/\/eldiariodesanpedro.com.ar\/sitio\/wp-json\/wp\/v2\/posts\/37217\/revisions"}],"predecessor-version":[{"id":37220,"href":"https:\/\/eldiariodesanpedro.com.ar\/sitio\/wp-json\/wp\/v2\/posts\/37217\/revisions\/37220"}],"wp:featuredmedia":[{"embeddable":true,"href":"https:\/\/eldiariodesanpedro.com.ar\/sitio\/wp-json\/wp\/v2\/media\/37219"}],"wp:attachment":[{"href":"https:\/\/eldiariodesanpedro.com.ar\/sitio\/wp-json\/wp\/v2\/media?parent=37217"}],"wp:term":[{"taxonomy":"category","embeddable":true,"href":"https:\/\/eldiariodesanpedro.com.ar\/sitio\/wp-json\/wp\/v2\/categories?post=37217"},{"taxonomy":"post_tag","embeddable":true,"href":"https:\/\/eldiariodesanpedro.com.ar\/sitio\/wp-json\/wp\/v2\/tags?post=37217"}],"curies":[{"name":"wp","href":"https:\/\/api.w.org\/{rel}","templated":true}]}}