{"id":37215,"date":"2018-07-26T20:41:32","date_gmt":"2018-07-26T23:41:32","guid":{"rendered":"https:\/\/eldiariodesanpedro.com.ar\/sitio\/?p=37215"},"modified":"2026-01-23T23:51:29","modified_gmt":"2026-01-24T02:51:29","slug":"infanto-juvenil-torneo-aniversario-de-def-de-belgrano-de-villa-ramallo-general-san-martin-campeon","status":"publish","type":"post","link":"https:\/\/eldiariodesanpedro.com.ar\/sitio\/infanto-juvenil-torneo-aniversario-de-def-de-belgrano-de-villa-ramallo-general-san-martin-campeon\/","title":{"rendered":"INFANTO JUVENIL: Torneo Aniversario de Def. de Belgrano de Villa Ramallo: General San Mart\u00edn campe\u00f3n"},"content":{"rendered":"<p><!-- VideographyWP Plugin Message: Automatic video embedding prevented by plugin options. --><br \/>\n  Gral. San Mart\u00edn, 2009, culmin\u00f3 el certamen de Villa Ramallo como campe\u00f3n luego de superar en semifinales por penales a Sportivo Am\u00e9rica y por la misma v\u00eda en la final a Argentino Oeste.<\/p>\n<p>  El elenco de P\u00e9rez Mill\u00e1n jug\u00f3 ante Sp. Am\u00e9rica, igual\u00f3 sin goles con el \u201cSabalero\u201d y 2-2 con Argentino Oeste, venciendo a ambos por penales. La 2010 defini\u00f3 el tercer y cuarto puesto.<\/p>\n<p>  En 2008 de Sportivo Am\u00e9rica le gan\u00f3 por penales a Paran\u00e1 de San Nicol\u00e1s y luego en la final enfrent\u00f3 a River de San Nicol\u00e1s, cayendo 3 a 0 y coron\u00e1ndose subcampe\u00f3n. Sportivo Am\u00e9rica en 2007 gan\u00f3 la final de la Copa de Plata 2 a 0 ante SOMISA de San Nicol\u00e1s.<\/p>\n","protected":false},"excerpt":{"rendered":"<p>Gral. San Mart\u00edn, 2009, culmin\u00f3 el certamen de Villa Ramallo como campe\u00f3n luego de superar en semifinales por penales a Sportivo Am\u00e9rica y por la misma v\u00eda en la final a Argentino Oeste. El elenco de P\u00e9rez Mill\u00e1n jug\u00f3 ante Sp. Am\u00e9rica, igual\u00f3 sin goles con el \u201cSabalero\u201d y 2-2 con Argentino Oeste, venciendo a [&hellip;]<\/p>\n","protected":false},"author":4,"featured_media":20147,"comment_status":"open","ping_status":"closed","sticky":false,"template":"","format":"standard","meta":{"om_disable_all_campaigns":false,"_jetpack_memberships_contains_paid_content":false,"footnotes":""},"categories":[5],"tags":[],"class_list":["post-37215","post","type-post","status-publish","format-standard","has-post-thumbnail","hentry","category-deportes"],"aioseo_notices":[],"gutentor_comment":0,"jetpack_featured_media_url":"https:\/\/eldiariodesanpedro.com.ar\/sitio\/wp-content\/uploads\/2017\/06\/futbol-gol.jpg","jetpack_shortlink":"https:\/\/wp.me\/p6RhLt-9Gf","jetpack_sharing_enabled":true,"_links":{"self":[{"href":"https:\/\/eldiariodesanpedro.com.ar\/sitio\/wp-json\/wp\/v2\/posts\/37215","targetHints":{"allow":["GET"]}}],"collection":[{"href":"https:\/\/eldiariodesanpedro.com.ar\/sitio\/wp-json\/wp\/v2\/posts"}],"about":[{"href":"https:\/\/eldiariodesanpedro.com.ar\/sitio\/wp-json\/wp\/v2\/types\/post"}],"author":[{"embeddable":true,"href":"https:\/\/eldiariodesanpedro.com.ar\/sitio\/wp-json\/wp\/v2\/users\/4"}],"replies":[{"embeddable":true,"href":"https:\/\/eldiariodesanpedro.com.ar\/sitio\/wp-json\/wp\/v2\/comments?post=37215"}],"version-history":[{"count":1,"href":"https:\/\/eldiariodesanpedro.com.ar\/sitio\/wp-json\/wp\/v2\/posts\/37215\/revisions"}],"predecessor-version":[{"id":37218,"href":"https:\/\/eldiariodesanpedro.com.ar\/sitio\/wp-json\/wp\/v2\/posts\/37215\/revisions\/37218"}],"wp:featuredmedia":[{"embeddable":true,"href":"https:\/\/eldiariodesanpedro.com.ar\/sitio\/wp-json\/wp\/v2\/media\/20147"}],"wp:attachment":[{"href":"https:\/\/eldiariodesanpedro.com.ar\/sitio\/wp-json\/wp\/v2\/media?parent=37215"}],"wp:term":[{"taxonomy":"category","embeddable":true,"href":"https:\/\/eldiariodesanpedro.com.ar\/sitio\/wp-json\/wp\/v2\/categories?post=37215"},{"taxonomy":"post_tag","embeddable":true,"href":"https:\/\/eldiariodesanpedro.com.ar\/sitio\/wp-json\/wp\/v2\/tags?post=37215"}],"curies":[{"name":"wp","href":"https:\/\/api.w.org\/{rel}","templated":true}]}}