{"id":37213,"date":"2018-07-26T20:40:22","date_gmt":"2018-07-26T23:40:22","guid":{"rendered":"https:\/\/eldiariodesanpedro.com.ar\/sitio\/?p=37213"},"modified":"2026-01-23T23:51:29","modified_gmt":"2026-01-24T02:51:29","slug":"basquet-el-equipo-de-nautico-gano-de-visitante-y-juega-este-viernes-la-revancha-en-san-pedro","status":"publish","type":"post","link":"https:\/\/eldiariodesanpedro.com.ar\/sitio\/basquet-el-equipo-de-nautico-gano-de-visitante-y-juega-este-viernes-la-revancha-en-san-pedro\/","title":{"rendered":"B\u00c1SQUET: El equipo de N\u00e1utico gan\u00f3 de visitante y juega este viernes la revancha en San Pedro"},"content":{"rendered":"<p><!-- VideographyWP Plugin Message: Automatic video embedding prevented by plugin options. --><br \/>\nN\u00e1utico San Pedro se llev\u00f3 la local\u00eda de Pe\u00f1arol en Pilar en el arranque de la serie de cuartos de final en la noche del s\u00e1bado con un s\u00f3lido 83-60.<\/p>\n<p>  El Celeste cont\u00f3 con Emir Diamante, Maxi Lococo y Fede Parra como principales anotadores y el cuarto camino al gol fue Rodrigo Bravo con un buen cierre de partido.<\/p>\n<p>  Con la din\u00e1mica que caracteriza a los dirigidos por Mart\u00edn Galvez, pudieron adelantarse 1-0 en una cancha dif\u00edcil y dejar abierto el camino para sellar el pase al Final Four cuando disputen la revancha en su gimnasio el pr\u00f3ximo viernes.<\/p>\n<p>  En el Albiceleste de Pilar, el valor destacado en ataque fue Leandro Basterrica (18) junto con el empuje de Enuel Casquero en los tableros.<\/p>\n<p><strong>Equilibrio<\/strong><br \/>\n  La noche comenz\u00f3 con paridad, pero empezando a mostrar que N\u00e1utico ten\u00eda otra aceleraci\u00f3n. Diamante con un par de dobles y Chano G\u00f3mez con un par de triples abr\u00edan el camino al que se sumar\u00eda Lococo con Fede Parra para adelantarse 22-18 en el primer acto.<\/p>\n<p>  Alejo Calder\u00f3n y los triples combinados de Tete Mart\u00ednez, Basterrica y Chavito D\u00edaz manten\u00edan cerca al local.<br \/>\n  En el segundo, la grieta se ampli\u00f3. La dupla Parra-Diamante encontraba en Bravo otra alternativa para generar un parcial de 20-13 que los llev\u00f3 al entretiempo al frente 42-31.<\/p>\n<p>  En el tercero, el empuje de Daniel Castro y Casquero m\u00e1s apariciones de D\u00edaz trataban de meter en el juego a Pe\u00f1arol. Sin embargo, el Celeste sumaba en la l\u00ednea de libres y Lococo se agigantaba para llevar la brecha a 63-49.<br \/>\n  La defensa intensa que intent\u00f3 el conjunto pilarense en el \u00faltimo tramo no ten\u00eda despu\u00e9s respuestas ofensivas. Una racha de Basterrica y un triple de Mart\u00ednez no alcanzaron para poner en aprietos a un Celeste que le puso el sello al triunfo con Rodrigo Bravo.<\/p>\n<p><strong>S\u00edntesis<\/strong><br \/>\n<em>Pe\u00f1arol Pilar (60)<\/em><br \/>\nPablo D\u00edaz 7, Daniel Castro 6, Ezequiel Mart\u00ednez 8, Leandro Basterrica 18, Alejo Calder\u00f3n 4, (FI), Enuel Casquero 10, Bruno Longo, Mart\u00edn Longo, Nahuel Iturbe 0, Nicol\u00e1s Mart\u00ednez 4, Ivo Centuri\u00f3n 3, Ignacio Gonz\u00e1lez. DT: Christian Arias.<br \/>\n<em>N\u00e1utico San Pedro (83)<\/em><br \/>\nFausto Segalat 7, Joaqu\u00edn G\u00f3mez 9, Federico Parra 16, Maximiliano Lococo 17, Emir Diamante 17 (FI); Francisco Garibaldi 5, Rodrigo Bravo 12, Valentino Pagano, Nazareno T\u00e9vez, Hern\u00e1n Giani, Joaqu\u00edn Pintor, Nicol\u00e1s Valentini. DT: Mart\u00edn G\u00e1lvez. AT: Samuel Panatteri. Estad\u00edsticas: Javier Tagliatori.<br \/>\nParciales: 18-22, 13-20; 17-21 y 12-20.<br \/>\n\u00c1rbitros: Gustavo Blanco y Pablo Cesio.<br \/>\nSerie: 1-0 N\u00e1utico.<br \/>\nRevancha: viernes 27 en San Pedro.<\/p>\n<p><strong>La revancha, este viernes<\/strong><br \/>\n  N\u00e1utico tiene la chance de clasificar a la pr\u00f3xima instancia el viernes a las 21 como local en el Pepe Center.<\/p>\n","protected":false},"excerpt":{"rendered":"<p>N\u00e1utico San Pedro se llev\u00f3 la local\u00eda de Pe\u00f1arol en Pilar en el arranque de la serie de cuartos de final en la noche del s\u00e1bado con un s\u00f3lido 83-60. El Celeste cont\u00f3 con Emir Diamante, Maxi Lococo y Fede Parra como principales anotadores y el cuarto camino al gol fue Rodrigo Bravo con un [&hellip;]<\/p>\n","protected":false},"author":4,"featured_media":35976,"comment_status":"open","ping_status":"closed","sticky":false,"template":"","format":"standard","meta":{"om_disable_all_campaigns":false,"_jetpack_memberships_contains_paid_content":false,"footnotes":""},"categories":[5],"tags":[],"class_list":["post-37213","post","type-post","status-publish","format-standard","has-post-thumbnail","hentry","category-deportes"],"aioseo_notices":[],"gutentor_comment":0,"jetpack_featured_media_url":"https:\/\/eldiariodesanpedro.com.ar\/sitio\/wp-content\/uploads\/2018\/07\/basquet-2.jpg","jetpack_shortlink":"https:\/\/wp.me\/p6RhLt-9Gd","jetpack_sharing_enabled":true,"_links":{"self":[{"href":"https:\/\/eldiariodesanpedro.com.ar\/sitio\/wp-json\/wp\/v2\/posts\/37213","targetHints":{"allow":["GET"]}}],"collection":[{"href":"https:\/\/eldiariodesanpedro.com.ar\/sitio\/wp-json\/wp\/v2\/posts"}],"about":[{"href":"https:\/\/eldiariodesanpedro.com.ar\/sitio\/wp-json\/wp\/v2\/types\/post"}],"author":[{"embeddable":true,"href":"https:\/\/eldiariodesanpedro.com.ar\/sitio\/wp-json\/wp\/v2\/users\/4"}],"replies":[{"embeddable":true,"href":"https:\/\/eldiariodesanpedro.com.ar\/sitio\/wp-json\/wp\/v2\/comments?post=37213"}],"version-history":[{"count":1,"href":"https:\/\/eldiariodesanpedro.com.ar\/sitio\/wp-json\/wp\/v2\/posts\/37213\/revisions"}],"predecessor-version":[{"id":37216,"href":"https:\/\/eldiariodesanpedro.com.ar\/sitio\/wp-json\/wp\/v2\/posts\/37213\/revisions\/37216"}],"wp:featuredmedia":[{"embeddable":true,"href":"https:\/\/eldiariodesanpedro.com.ar\/sitio\/wp-json\/wp\/v2\/media\/35976"}],"wp:attachment":[{"href":"https:\/\/eldiariodesanpedro.com.ar\/sitio\/wp-json\/wp\/v2\/media?parent=37213"}],"wp:term":[{"taxonomy":"category","embeddable":true,"href":"https:\/\/eldiariodesanpedro.com.ar\/sitio\/wp-json\/wp\/v2\/categories?post=37213"},{"taxonomy":"post_tag","embeddable":true,"href":"https:\/\/eldiariodesanpedro.com.ar\/sitio\/wp-json\/wp\/v2\/tags?post=37213"}],"curies":[{"name":"wp","href":"https:\/\/api.w.org\/{rel}","templated":true}]}}