{"id":37208,"date":"2018-07-26T20:37:30","date_gmt":"2018-07-26T23:37:30","guid":{"rendered":"https:\/\/eldiariodesanpedro.com.ar\/sitio\/?p=37208"},"modified":"2018-07-26T20:37:30","modified_gmt":"2018-07-26T23:37:30","slug":"tras-las-reuniones-no-se-llego-a-un-acuerdo-paro-docente-por-72-hs-a-partir-del-lunes","status":"publish","type":"post","link":"https:\/\/eldiariodesanpedro.com.ar\/sitio\/tras-las-reuniones-no-se-llego-a-un-acuerdo-paro-docente-por-72-hs-a-partir-del-lunes\/","title":{"rendered":"TRAS LAS REUNIONES NO SE LLEG\u00d3 A UN ACUERDO: Paro docente por 72 hs. a partir del lunes"},"content":{"rendered":"<p><!-- VideographyWP Plugin Message: Automatic video embedding prevented by plugin options. --><br \/>\nEl Frente Gremial Bonaerense no acept\u00f3 el 16,7% de aumento que les ofreci\u00f3 el gobierno de Vidal despu\u00e9s de 94 d\u00edas sin convocatorias y la semana que viene no arrancar\u00e1n las clases. Los docentes le recordaron que se espera una inflaci\u00f3n en torno al 30%.<\/p>\n<p>  El Frente de Unidad Docentes Bonaerense (FUDB) anunci\u00f3 este jueves un paro por 72 horas a partir del pr\u00f3ximo lunes por lo que el regreso a clases tras las vacaciones de invierno se demorar\u00e1 hasta el jueves.<\/p>\n<p>  La medida de fuerza fue adoptada luego de que el gobierno de Mar\u00eda Eugenia Vidal apenas sumara un 1,7% en concepto de material did\u00e1ctico a la misma oferta de mejora salarial del 15% formulada a comienzos de a\u00f1o.<br \/>\n  El fracaso de la mesa de negociaci\u00f3n el lunes pasado reson\u00f3 con mayor fuerza ya que se trat\u00f3 de la primera convocatoria por parte de las autoridades bonaerenses despu\u00e9s de 94 d\u00edas y tuvo que ser ordenada por un fallo judicial que las oblig\u00f3 a retomar las negociaciones.<\/p>\n<p>  Tras el encuentro del lunes y el rechazo inmediato a la propuesta de mejora del 16,7% los docentes hab\u00edan dilatado la confirmaci\u00f3n del paro a la espera de una nueva convocatoria que nunca lleg\u00f3.<\/p>\n<p>  El FUDB confirm\u00f3 la medida de fuerza a trav\u00e9s de un comunicado en el que adem\u00e1s advierte que \u201ca pesar de la predisposici\u00f3n y la buena fe de los gremios que integramos el FUDB para continuar dialogando, mediante la solicitud de un cuarto intermedio, la nueva convocatoria fue rechazada p\u00fablicamente en reiteradas oportunidades por el ministro de Trabajo. Esto es una muestra m\u00e1s del desinter\u00e9s de la gobernadora Vidal por destrabar el conflicto\u201d.<br \/>\n  Por su parte el referente de Suteba, Roberto Baradel, asegur\u00f3 que \u201ces una verg\u00fcenza que despu\u00e9s de pr\u00e1cticamente 95 d\u00edas sin convocatoria, hayan convocado por orden judicial y que la propuesta haya sido del 15% sabiendo que va a haber una inflaci\u00f3n de entre el 28 y el 32%. Eso es lo que firm\u00f3 su propio gobierno con el FMI\u201d.<br \/>\n  El FUDB est\u00e1 integrado por Suteba, Udocba, FEB, Sadop y AMET.<\/p>\n<p>Fuente: Enlace Cr\u00edtico<\/p>\n","protected":false},"excerpt":{"rendered":"<p>El Frente Gremial Bonaerense no acept\u00f3 el 16,7% de aumento que les ofreci\u00f3 el gobierno de Vidal despu\u00e9s de 94 d\u00edas sin convocatorias y la semana que viene no arrancar\u00e1n las clases. Los docentes le recordaron que se espera una inflaci\u00f3n en torno al 30%. El Frente de Unidad Docentes Bonaerense (FUDB) anunci\u00f3 este jueves [&hellip;]<\/p>\n","protected":false},"author":4,"featured_media":37209,"comment_status":"open","ping_status":"closed","sticky":false,"template":"","format":"standard","meta":{"om_disable_all_campaigns":false,"_jetpack_memberships_contains_paid_content":false,"footnotes":""},"categories":[621],"tags":[],"class_list":["post-37208","post","type-post","status-publish","format-standard","has-post-thumbnail","hentry","category-regionales"],"aioseo_notices":[],"gutentor_comment":0,"jetpack_featured_media_url":"https:\/\/eldiariodesanpedro.com.ar\/sitio\/wp-content\/uploads\/2018\/07\/Paro-docente-.jpg","jetpack_shortlink":"https:\/\/wp.me\/p6RhLt-9G8","jetpack_sharing_enabled":true,"_links":{"self":[{"href":"https:\/\/eldiariodesanpedro.com.ar\/sitio\/wp-json\/wp\/v2\/posts\/37208","targetHints":{"allow":["GET"]}}],"collection":[{"href":"https:\/\/eldiariodesanpedro.com.ar\/sitio\/wp-json\/wp\/v2\/posts"}],"about":[{"href":"https:\/\/eldiariodesanpedro.com.ar\/sitio\/wp-json\/wp\/v2\/types\/post"}],"author":[{"embeddable":true,"href":"https:\/\/eldiariodesanpedro.com.ar\/sitio\/wp-json\/wp\/v2\/users\/4"}],"replies":[{"embeddable":true,"href":"https:\/\/eldiariodesanpedro.com.ar\/sitio\/wp-json\/wp\/v2\/comments?post=37208"}],"version-history":[{"count":1,"href":"https:\/\/eldiariodesanpedro.com.ar\/sitio\/wp-json\/wp\/v2\/posts\/37208\/revisions"}],"predecessor-version":[{"id":37211,"href":"https:\/\/eldiariodesanpedro.com.ar\/sitio\/wp-json\/wp\/v2\/posts\/37208\/revisions\/37211"}],"wp:featuredmedia":[{"embeddable":true,"href":"https:\/\/eldiariodesanpedro.com.ar\/sitio\/wp-json\/wp\/v2\/media\/37209"}],"wp:attachment":[{"href":"https:\/\/eldiariodesanpedro.com.ar\/sitio\/wp-json\/wp\/v2\/media?parent=37208"}],"wp:term":[{"taxonomy":"category","embeddable":true,"href":"https:\/\/eldiariodesanpedro.com.ar\/sitio\/wp-json\/wp\/v2\/categories?post=37208"},{"taxonomy":"post_tag","embeddable":true,"href":"https:\/\/eldiariodesanpedro.com.ar\/sitio\/wp-json\/wp\/v2\/tags?post=37208"}],"curies":[{"name":"wp","href":"https:\/\/api.w.org\/{rel}","templated":true}]}}