{"id":37203,"date":"2018-07-26T20:35:29","date_gmt":"2018-07-26T23:35:29","guid":{"rendered":"https:\/\/eldiariodesanpedro.com.ar\/sitio\/?p=37203"},"modified":"2018-07-26T20:35:29","modified_gmt":"2018-07-26T23:35:29","slug":"san-nicolas-hubo-29-casos-de-alcoholemia-positiva-durante-el-fin-de-semana","status":"publish","type":"post","link":"https:\/\/eldiariodesanpedro.com.ar\/sitio\/san-nicolas-hubo-29-casos-de-alcoholemia-positiva-durante-el-fin-de-semana\/","title":{"rendered":"SAN NICOL\u00c1S: Hubo 29 casos de alcoholemia positiva durante el fin de semana"},"content":{"rendered":"<p><!-- VideographyWP Plugin Message: Automatic video embedding prevented by plugin options. --><br \/>\nEn la celebraci\u00f3n del D\u00eda del Amigo, se reforzaron los operativos de control en las zonas m\u00e1s cr\u00edticas. En la madrugada del s\u00e1bado se secuestraron 16 veh\u00edculos conducidos por personas que superaban la cantidad de alcohol en sangre permitida. En la madrugada del domingo se registraron otros 13 casos positivos.<\/p>\n<p>  Durante el fin de semana se reforzaron los operativos de control de tr\u00e1nsito en virtud de que la celebraci\u00f3n del D\u00eda del Amigo genera condiciones para que m\u00e1s gente participe del festejo en lugares p\u00fablicos o en el \u00e1mbito privado. Es por ello que los operativos de control de tr\u00e1nsito se refuerzan en puntos clave como las cercan\u00edas de bares y boliches, donde \u2013una vez m\u00e1s- se registr\u00f3 un importante n\u00famero de secuestro de veh\u00edculos producto de conductores que dieron positivo al momento de procederse con el test de alcoholemia.<\/p>\n<p>  De acuerdo a la informaci\u00f3n suministrada a este medio por la subsecretar\u00eda de Ordenamiento Urbano, en la madrugada del s\u00e1bado hubo 11 secuestros de autos y 5 de motos por constatarse mayor cantidad de alcohol en sangre. El registro de mayor cantidad de alcohol en sangre se dio en el conductor de un auto cuyo test arroj\u00f3 la presencia de 2,99 miligramos de alcohol por litro de sangre, cuando el m\u00e1ximo permitido para ese tipo de veh\u00edculos es 0,50 miligramos.<\/p>\n<p>  En tanto en la madrugada del domingo hubo 11 conductores de autos y 2 de motos que dieron positivo de alcoholemia. Ese d\u00eda, el mayor registro se constat\u00f3 en un automovilista que ten\u00eda 3,50 miligramos de alcohol en sangre.<\/p>\n<p>  \u201cLa directiva del Ejecutivo es muy clara: Los controles vehiculares no pueden relajarse. Lo que notamos es un alto grado de irresponsabilidad de quienes no s\u00f3lo representan un riesgo para terceros sino tambi\u00e9n para ellos mismos\u201d, afirm\u00f3 el titular de la subsecretar\u00eda de Ordenamiento Urbano, Pablo L\u00f3pez de Arment\u00eda.<br \/>\n  \u201cLos \u00edndices de secuestro de veh\u00edculos por alcoholemia son elevados, sobre todo en una \u00e9poca del a\u00f1o en la que muchos menos autos circulan por las noches debido a las bajas temperaturas\u201d, explic\u00f3 L\u00f3pez de Arment\u00eda.<\/p>\n<p><strong>Multas caras<\/strong><br \/>\n  Los operativos de control se dise\u00f1an en conjunto con personal policial, y se van moviendo a diferentes sitios durante una misma noche. Son efectuados por inspectores que cuentan con apoyo de personal de las diferentes comisar\u00edas y Comando de Patrullas, quienes act\u00faan ante casos de resistencia a la autoridad.<br \/>\n  El Juzgado de Faltas establece m multas abultadas para quienes dan positivo de alcoholemia, que pueden ir desde los 10.000 a los 20.000 pesos. Una vez cancelada esa multa se procede a la devoluci\u00f3n del veh\u00edculo secuestrado. Adem\u00e1s, el infractor debe acudir obligatoriamente a la charla de concientizaci\u00f3n que se realiza semanalmente en el CEMAC.<\/p>\n<p>  La infracci\u00f3n por exceso de alcohol en sangre es considerada una \u00abfalta grave\u00bb que amerita el secuestro del veh\u00edculo. En relaci\u00f3n a ello, L\u00f3pez de Arment\u00eda expres\u00f3 que \u201cel corral\u00f3n est\u00e1 a tope\u201d. Se estima que en el corral\u00f3n municipal hay unos 70 autos y 1500 motos. Vale aclarar que tambi\u00e9n se secuestran veh\u00edculos por falta de casco, en el caso de conductores de motos, y por falta de documentaci\u00f3n obligatoria.<\/p>\n","protected":false},"excerpt":{"rendered":"<p>En la celebraci\u00f3n del D\u00eda del Amigo, se reforzaron los operativos de control en las zonas m\u00e1s cr\u00edticas. En la madrugada del s\u00e1bado se secuestraron 16 veh\u00edculos conducidos por personas que superaban la cantidad de alcohol en sangre permitida. En la madrugada del domingo se registraron otros 13 casos positivos. Durante el fin de semana [&hellip;]<\/p>\n","protected":false},"author":4,"featured_media":37205,"comment_status":"open","ping_status":"closed","sticky":false,"template":"","format":"standard","meta":{"om_disable_all_campaigns":false,"_jetpack_memberships_contains_paid_content":false,"footnotes":""},"categories":[621],"tags":[],"class_list":["post-37203","post","type-post","status-publish","format-standard","has-post-thumbnail","hentry","category-regionales"],"aioseo_notices":[],"gutentor_comment":0,"jetpack_featured_media_url":"https:\/\/eldiariodesanpedro.com.ar\/sitio\/wp-content\/uploads\/2018\/07\/alcohol-al-volante.jpg","jetpack_shortlink":"https:\/\/wp.me\/p6RhLt-9G3","jetpack_sharing_enabled":true,"_links":{"self":[{"href":"https:\/\/eldiariodesanpedro.com.ar\/sitio\/wp-json\/wp\/v2\/posts\/37203","targetHints":{"allow":["GET"]}}],"collection":[{"href":"https:\/\/eldiariodesanpedro.com.ar\/sitio\/wp-json\/wp\/v2\/posts"}],"about":[{"href":"https:\/\/eldiariodesanpedro.com.ar\/sitio\/wp-json\/wp\/v2\/types\/post"}],"author":[{"embeddable":true,"href":"https:\/\/eldiariodesanpedro.com.ar\/sitio\/wp-json\/wp\/v2\/users\/4"}],"replies":[{"embeddable":true,"href":"https:\/\/eldiariodesanpedro.com.ar\/sitio\/wp-json\/wp\/v2\/comments?post=37203"}],"version-history":[{"count":1,"href":"https:\/\/eldiariodesanpedro.com.ar\/sitio\/wp-json\/wp\/v2\/posts\/37203\/revisions"}],"predecessor-version":[{"id":37207,"href":"https:\/\/eldiariodesanpedro.com.ar\/sitio\/wp-json\/wp\/v2\/posts\/37203\/revisions\/37207"}],"wp:featuredmedia":[{"embeddable":true,"href":"https:\/\/eldiariodesanpedro.com.ar\/sitio\/wp-json\/wp\/v2\/media\/37205"}],"wp:attachment":[{"href":"https:\/\/eldiariodesanpedro.com.ar\/sitio\/wp-json\/wp\/v2\/media?parent=37203"}],"wp:term":[{"taxonomy":"category","embeddable":true,"href":"https:\/\/eldiariodesanpedro.com.ar\/sitio\/wp-json\/wp\/v2\/categories?post=37203"},{"taxonomy":"post_tag","embeddable":true,"href":"https:\/\/eldiariodesanpedro.com.ar\/sitio\/wp-json\/wp\/v2\/tags?post=37203"}],"curies":[{"name":"wp","href":"https:\/\/api.w.org\/{rel}","templated":true}]}}