{"id":37200,"date":"2018-07-26T20:35:02","date_gmt":"2018-07-26T23:35:02","guid":{"rendered":"https:\/\/eldiariodesanpedro.com.ar\/sitio\/?p=37200"},"modified":"2018-07-26T20:35:02","modified_gmt":"2018-07-26T23:35:02","slug":"arrecifes-arrecifeno-indignado-por-figurar-entre-los-aportantes-truchos-de-cambiemos","status":"publish","type":"post","link":"https:\/\/eldiariodesanpedro.com.ar\/sitio\/arrecifes-arrecifeno-indignado-por-figurar-entre-los-aportantes-truchos-de-cambiemos\/","title":{"rendered":"ARRECIFES: Arrecife\u00f1o indignado por figurar entre los aportantes truchos de Cambiemos"},"content":{"rendered":"<p><!-- VideographyWP Plugin Message: Automatic video embedding prevented by plugin options. --><br \/>\nEl esc\u00e1ndalo con los aportantes truchos de Cambiemos salpica tambi\u00e9n a Arrecifes. Se van conociendo nombres de vecinos comunes, que no tienen ninguna filiaci\u00f3n pol\u00edtica y mucho menos pusieron dinero para alguna campa\u00f1a electoral.<\/p>\n<p>  Uno es el caso de Mariano Gerber, que trabaja en un taller de rectificaci\u00f3n de tapas de cilindros y no tiene ninguna relaci\u00f3n con la actividad pol\u00edtica.<\/p>\n<p>  En su muro de Facebook manifest\u00f3 su indignaci\u00f3n:<\/p>\n<p>  \u201cResulta que el d\u00f3lar a 28, el combustible por las nubes, el aumento de gas y luz y todo lo que viene por detr\u00e1s, tambi\u00e9n es culpa m\u00eda. Jajaja. Hoy me enter\u00e9 que puse $ 13.000 para la campa\u00f1a pol\u00edtica de cambiemos. Estoy en la lista de aportantes truchos. Ya no s\u00e9 qu\u00e9 pensar. Vergonzoso\u201d.<\/p>\n<p>  Y eso no es todo: ahora se acaba de enterar que tambi\u00e9n que lo afiliaron al Pro. \u201cJam\u00e1s en mi vida me afili\u00e9 a ning\u00fan partido pol\u00edtico, ni me interesa\u201d, agreg\u00f3 Gerber.<\/p>\n<p>  Realmente es indignante el uso que se hace de la gente y de su identidad, adem\u00e1s de no aclarar de d\u00f3nde proviene el dinero que le adjudican a personas que no lo aportaron. Era un gobierno que ven\u00eda a cambiar y transparentar la pol\u00edtica.<\/p>\n<p>Fuente: Arrecifes Noticias<\/p>\n","protected":false},"excerpt":{"rendered":"<p>El esc\u00e1ndalo con los aportantes truchos de Cambiemos salpica tambi\u00e9n a Arrecifes. Se van conociendo nombres de vecinos comunes, que no tienen ninguna filiaci\u00f3n pol\u00edtica y mucho menos pusieron dinero para alguna campa\u00f1a electoral. Uno es el caso de Mariano Gerber, que trabaja en un taller de rectificaci\u00f3n de tapas de cilindros y no tiene [&hellip;]<\/p>\n","protected":false},"author":4,"featured_media":37204,"comment_status":"open","ping_status":"closed","sticky":false,"template":"","format":"standard","meta":{"om_disable_all_campaigns":false,"_jetpack_memberships_contains_paid_content":false,"footnotes":""},"categories":[621],"tags":[],"class_list":["post-37200","post","type-post","status-publish","format-standard","has-post-thumbnail","hentry","category-regionales"],"aioseo_notices":[],"gutentor_comment":0,"jetpack_featured_media_url":"https:\/\/eldiariodesanpedro.com.ar\/sitio\/wp-content\/uploads\/2018\/07\/Mariano-Gerber.jpg","jetpack_shortlink":"https:\/\/wp.me\/p6RhLt-9G0","jetpack_sharing_enabled":true,"_links":{"self":[{"href":"https:\/\/eldiariodesanpedro.com.ar\/sitio\/wp-json\/wp\/v2\/posts\/37200","targetHints":{"allow":["GET"]}}],"collection":[{"href":"https:\/\/eldiariodesanpedro.com.ar\/sitio\/wp-json\/wp\/v2\/posts"}],"about":[{"href":"https:\/\/eldiariodesanpedro.com.ar\/sitio\/wp-json\/wp\/v2\/types\/post"}],"author":[{"embeddable":true,"href":"https:\/\/eldiariodesanpedro.com.ar\/sitio\/wp-json\/wp\/v2\/users\/4"}],"replies":[{"embeddable":true,"href":"https:\/\/eldiariodesanpedro.com.ar\/sitio\/wp-json\/wp\/v2\/comments?post=37200"}],"version-history":[{"count":1,"href":"https:\/\/eldiariodesanpedro.com.ar\/sitio\/wp-json\/wp\/v2\/posts\/37200\/revisions"}],"predecessor-version":[{"id":37206,"href":"https:\/\/eldiariodesanpedro.com.ar\/sitio\/wp-json\/wp\/v2\/posts\/37200\/revisions\/37206"}],"wp:featuredmedia":[{"embeddable":true,"href":"https:\/\/eldiariodesanpedro.com.ar\/sitio\/wp-json\/wp\/v2\/media\/37204"}],"wp:attachment":[{"href":"https:\/\/eldiariodesanpedro.com.ar\/sitio\/wp-json\/wp\/v2\/media?parent=37200"}],"wp:term":[{"taxonomy":"category","embeddable":true,"href":"https:\/\/eldiariodesanpedro.com.ar\/sitio\/wp-json\/wp\/v2\/categories?post=37200"},{"taxonomy":"post_tag","embeddable":true,"href":"https:\/\/eldiariodesanpedro.com.ar\/sitio\/wp-json\/wp\/v2\/tags?post=37200"}],"curies":[{"name":"wp","href":"https:\/\/api.w.org\/{rel}","templated":true}]}}