{"id":37199,"date":"2018-07-26T20:31:56","date_gmt":"2018-07-26T23:31:56","guid":{"rendered":"https:\/\/eldiariodesanpedro.com.ar\/sitio\/?p=37199"},"modified":"2018-07-26T20:31:56","modified_gmt":"2018-07-26T23:31:56","slug":"campana-saavedra-y-del-pino-la-esquina-sin-freno","status":"publish","type":"post","link":"https:\/\/eldiariodesanpedro.com.ar\/sitio\/campana-saavedra-y-del-pino-la-esquina-sin-freno\/","title":{"rendered":"CAMPANA: Saavedra y Del Pino: la esquina sin freno"},"content":{"rendered":"<p><!-- VideographyWP Plugin Message: Automatic video embedding prevented by plugin options. --><br \/>\nUna camioneta subi\u00f3 a la vereda y se meti\u00f3 en una casa luego de colisionar con un auto. Se trata del segundo accidente ocurrido en el \u00faltimo mes. Hubo dos heridos que fueron trasladados por Bomberos.<\/p>\n<p>  La esquina de calles Saavedra y Del Pino volvi\u00f3 a ser escenario de un accidente, que involucr\u00f3 a una camioneta y a un auto, y que termin\u00f3 con uno de los veh\u00edculos sobre la vereda, meti\u00e9ndose dentro de una casa.<br \/>\n  El fuerte impacto involucr\u00f3 a un Peugeot 206 y a una Ford Ecosport, la cual tras el golpe derrib\u00f3 un tapial y se meti\u00f3 en la vivienda de una vecina de 82 a\u00f1os. <\/p>\n<p>  Tanto el conductor del autom\u00f3vil como su acompa\u00f1ante resultaron heridos, sufriendo politraumatismos. Un m\u00f3vil de Bomberos los traslad\u00f3 a la guardia del Hospital Municipal.<\/p>\n<p>  Se trata del segundo hecho en lo que va del mes. Anteriormente, una menor que viajaba como acompa\u00f1ante en un remis result\u00f3 herida y tuvo que ser hospitalizada. Vecinos solicitan la colocaci\u00f3n de reductores de velocidad ya que, al parecer, por su propia voluntad, los automovilistas no piensan circular m\u00e1s despacio.<\/p>\n<p>Fuente: Campana Noticias<\/p>\n","protected":false},"excerpt":{"rendered":"<p>Una camioneta subi\u00f3 a la vereda y se meti\u00f3 en una casa luego de colisionar con un auto. Se trata del segundo accidente ocurrido en el \u00faltimo mes. Hubo dos heridos que fueron trasladados por Bomberos. La esquina de calles Saavedra y Del Pino volvi\u00f3 a ser escenario de un accidente, que involucr\u00f3 a una [&hellip;]<\/p>\n","protected":false},"author":4,"featured_media":37201,"comment_status":"open","ping_status":"closed","sticky":false,"template":"","format":"standard","meta":{"om_disable_all_campaigns":false,"_jetpack_memberships_contains_paid_content":false,"footnotes":""},"categories":[621],"tags":[],"class_list":["post-37199","post","type-post","status-publish","format-standard","has-post-thumbnail","hentry","category-regionales"],"aioseo_notices":[],"gutentor_comment":0,"jetpack_featured_media_url":"https:\/\/eldiariodesanpedro.com.ar\/sitio\/wp-content\/uploads\/2018\/07\/El-auto-incrustado-en-la-casa.jpg","jetpack_shortlink":"https:\/\/wp.me\/p6RhLt-9FZ","jetpack_sharing_enabled":true,"_links":{"self":[{"href":"https:\/\/eldiariodesanpedro.com.ar\/sitio\/wp-json\/wp\/v2\/posts\/37199","targetHints":{"allow":["GET"]}}],"collection":[{"href":"https:\/\/eldiariodesanpedro.com.ar\/sitio\/wp-json\/wp\/v2\/posts"}],"about":[{"href":"https:\/\/eldiariodesanpedro.com.ar\/sitio\/wp-json\/wp\/v2\/types\/post"}],"author":[{"embeddable":true,"href":"https:\/\/eldiariodesanpedro.com.ar\/sitio\/wp-json\/wp\/v2\/users\/4"}],"replies":[{"embeddable":true,"href":"https:\/\/eldiariodesanpedro.com.ar\/sitio\/wp-json\/wp\/v2\/comments?post=37199"}],"version-history":[{"count":1,"href":"https:\/\/eldiariodesanpedro.com.ar\/sitio\/wp-json\/wp\/v2\/posts\/37199\/revisions"}],"predecessor-version":[{"id":37202,"href":"https:\/\/eldiariodesanpedro.com.ar\/sitio\/wp-json\/wp\/v2\/posts\/37199\/revisions\/37202"}],"wp:featuredmedia":[{"embeddable":true,"href":"https:\/\/eldiariodesanpedro.com.ar\/sitio\/wp-json\/wp\/v2\/media\/37201"}],"wp:attachment":[{"href":"https:\/\/eldiariodesanpedro.com.ar\/sitio\/wp-json\/wp\/v2\/media?parent=37199"}],"wp:term":[{"taxonomy":"category","embeddable":true,"href":"https:\/\/eldiariodesanpedro.com.ar\/sitio\/wp-json\/wp\/v2\/categories?post=37199"},{"taxonomy":"post_tag","embeddable":true,"href":"https:\/\/eldiariodesanpedro.com.ar\/sitio\/wp-json\/wp\/v2\/tags?post=37199"}],"curies":[{"name":"wp","href":"https:\/\/api.w.org\/{rel}","templated":true}]}}