{"id":37192,"date":"2018-07-26T19:28:01","date_gmt":"2018-07-26T22:28:01","guid":{"rendered":"https:\/\/eldiariodesanpedro.com.ar\/sitio\/?p=37192"},"modified":"2018-07-27T10:13:12","modified_gmt":"2018-07-27T13:13:12","slug":"giovanni-y-gianluca-los-bebes-nacidos-hace-un-mes-que-necesitan-de-nuestra-solidaridad","status":"publish","type":"post","link":"https:\/\/eldiariodesanpedro.com.ar\/sitio\/giovanni-y-gianluca-los-bebes-nacidos-hace-un-mes-que-necesitan-de-nuestra-solidaridad\/","title":{"rendered":"Giovanni y Gianluca, los bebes nacidos hace un mes que necesitan de nuestra solidaridad"},"content":{"rendered":"<p><!-- VideographyWP Plugin Message: Automatic video embedding prevented by plugin options. --><br \/>\n\u00abHola gente!! Giovanni y Gianluca nacieron prematuros, est\u00e1 en San Nicol\u00e1s en Neo, Gianluca fue operado y a ra\u00edz de esa operaci\u00f3n tuvieron que hacerle el anocontranatura en el cual necesita la bolsita adecuada para esa operaci\u00f3n, cada una sale $102 y ah\u00ed q cambiarla cada vez que el va de cuerpo. Seria de mucha ayuda si pudieran colaborar, les dejamos una foto, desde ya muchas gracias\u00bb; de esta manera se conoci\u00f3 la noticia con el pedido de ayuda mediante una publicaci\u00f3n que hizo su mam\u00e1, Soledad, en su cuenta de facebook.<\/p>\n<p><img decoding=\"async\" data-attachment-id=\"37193\" data-permalink=\"https:\/\/eldiariodesanpedro.com.ar\/sitio\/giovanni-y-gianluca-los-bebes-nacidos-hace-un-mes-que-necesitan-de-nuestra-solidaridad\/whatsapp-image-2018-07-26-at-17-53-23\/\" data-orig-file=\"https:\/\/eldiariodesanpedro.com.ar\/sitio\/wp-content\/uploads\/2018\/07\/WhatsApp-Image-2018-07-26-at-17.53.23.jpeg\" data-orig-size=\"720,1183\" data-comments-opened=\"1\" data-image-meta=\"{&quot;aperture&quot;:&quot;0&quot;,&quot;credit&quot;:&quot;&quot;,&quot;camera&quot;:&quot;&quot;,&quot;caption&quot;:&quot;&quot;,&quot;created_timestamp&quot;:&quot;0&quot;,&quot;copyright&quot;:&quot;&quot;,&quot;focal_length&quot;:&quot;0&quot;,&quot;iso&quot;:&quot;0&quot;,&quot;shutter_speed&quot;:&quot;0&quot;,&quot;title&quot;:&quot;&quot;,&quot;orientation&quot;:&quot;0&quot;}\" data-image-title=\"WhatsApp Image 2018-07-26 at 17.53.23\" data-image-description=\"\" data-image-caption=\"\" data-large-file=\"https:\/\/eldiariodesanpedro.com.ar\/sitio\/wp-content\/uploads\/2018\/07\/WhatsApp-Image-2018-07-26-at-17.53.23-623x1024.jpeg\" class=\"alignnone size-large wp-image-37193 lazyload\" data-src=\"https:\/\/eldiariodesanpedro.com.ar\/sitio\/wp-content\/uploads\/2018\/07\/WhatsApp-Image-2018-07-26-at-17.53.23-623x1024.jpeg\" alt=\"\" width=\"623\" height=\"1024\" data-srcset=\"https:\/\/eldiariodesanpedro.com.ar\/sitio\/wp-content\/uploads\/2018\/07\/WhatsApp-Image-2018-07-26-at-17.53.23-623x1024.jpeg 623w, https:\/\/eldiariodesanpedro.com.ar\/sitio\/wp-content\/uploads\/2018\/07\/WhatsApp-Image-2018-07-26-at-17.53.23-183x300.jpeg 183w, https:\/\/eldiariodesanpedro.com.ar\/sitio\/wp-content\/uploads\/2018\/07\/WhatsApp-Image-2018-07-26-at-17.53.23.jpeg 720w\" data-sizes=\"(max-width: 623px) 100vw, 623px\" src=\"data:image\/svg+xml;base64,PHN2ZyB3aWR0aD0iMSIgaGVpZ2h0PSIxIiB4bWxucz0iaHR0cDovL3d3dy53My5vcmcvMjAwMC9zdmciPjwvc3ZnPg==\" style=\"--smush-placeholder-width: 623px; --smush-placeholder-aspect-ratio: 623\/1024;\" \/><\/p>\n<p>Este medio, dialogo con familiares para que nos cuenten como nacieron y que les paso a los mellis, su hermana Macarena nos contaba que: \u00aba mi hermana a los 6 meses de embarazo, la internaron porque se le sub\u00eda mucho la presi\u00f3n y tanto ella como los nenes corr\u00edan riesgo de vida, as\u00ed que decidieron dejarla internada hasta los 7 meses cuando luego la llevaron de urgencia al San Felipe y no pudo retener mas los bebes, as\u00ed que le hicieron cesar\u00eda\u00bb.<\/p>\n<p>Con respecto a los bebes nos contaba: \u00abGianluca que es el que est\u00e1 m\u00e1s complicado lo operaron 2 veces una del est\u00f3mago, a los 8 d\u00edas tenia una perforaci\u00f3n y luego se le vuelve a complicar donde tuvieron que operarlo nuevamente de una obstrucci\u00f3n intestinal y estriparon un pedazo de intestino\u00bb.<\/p>\n<p><img decoding=\"async\" data-attachment-id=\"37195\" data-permalink=\"https:\/\/eldiariodesanpedro.com.ar\/sitio\/giovanni-y-gianluca-los-bebes-nacidos-hace-un-mes-que-necesitan-de-nuestra-solidaridad\/6ca934c6-7c41-479b-b896-569be97c25a3\/\" data-orig-file=\"https:\/\/eldiariodesanpedro.com.ar\/sitio\/wp-content\/uploads\/2018\/07\/6ca934c6-7c41-479b-b896-569be97c25a3.jpg\" data-orig-size=\"721,1280\" data-comments-opened=\"1\" data-image-meta=\"{&quot;aperture&quot;:&quot;0&quot;,&quot;credit&quot;:&quot;&quot;,&quot;camera&quot;:&quot;&quot;,&quot;caption&quot;:&quot;&quot;,&quot;created_timestamp&quot;:&quot;0&quot;,&quot;copyright&quot;:&quot;&quot;,&quot;focal_length&quot;:&quot;0&quot;,&quot;iso&quot;:&quot;0&quot;,&quot;shutter_speed&quot;:&quot;0&quot;,&quot;title&quot;:&quot;&quot;,&quot;orientation&quot;:&quot;0&quot;}\" data-image-title=\"6ca934c6-7c41-479b-b896-569be97c25a3\" data-image-description=\"\" data-image-caption=\"\" data-large-file=\"https:\/\/eldiariodesanpedro.com.ar\/sitio\/wp-content\/uploads\/2018\/07\/6ca934c6-7c41-479b-b896-569be97c25a3-577x1024.jpg\" class=\"alignnone size-large wp-image-37195 lazyload\" data-src=\"https:\/\/eldiariodesanpedro.com.ar\/sitio\/wp-content\/uploads\/2018\/07\/6ca934c6-7c41-479b-b896-569be97c25a3-577x1024.jpg\" alt=\"\" width=\"577\" height=\"1024\" data-srcset=\"https:\/\/eldiariodesanpedro.com.ar\/sitio\/wp-content\/uploads\/2018\/07\/6ca934c6-7c41-479b-b896-569be97c25a3-577x1024.jpg 577w, https:\/\/eldiariodesanpedro.com.ar\/sitio\/wp-content\/uploads\/2018\/07\/6ca934c6-7c41-479b-b896-569be97c25a3-169x300.jpg 169w, https:\/\/eldiariodesanpedro.com.ar\/sitio\/wp-content\/uploads\/2018\/07\/6ca934c6-7c41-479b-b896-569be97c25a3.jpg 721w\" data-sizes=\"(max-width: 577px) 100vw, 577px\" src=\"data:image\/svg+xml;base64,PHN2ZyB3aWR0aD0iMSIgaGVpZ2h0PSIxIiB4bWxucz0iaHR0cDovL3d3dy53My5vcmcvMjAwMC9zdmciPjwvc3ZnPg==\" style=\"--smush-placeholder-width: 577px; --smush-placeholder-aspect-ratio: 577\/1024;\" \/><\/p>\n<p>Su mam\u00e1, que esta acompa\u00f1ando a sus bebes de hace un mes en San Nicolas nos pide ayuda, lo que mas se necesita son las bolsitas de colostomia que el Hospital no tiene y ellos se las cambian cada dos horas y salen $102 cada una.<\/p>\n<p><img decoding=\"async\" data-attachment-id=\"37194\" data-permalink=\"https:\/\/eldiariodesanpedro.com.ar\/sitio\/giovanni-y-gianluca-los-bebes-nacidos-hace-un-mes-que-necesitan-de-nuestra-solidaridad\/whatsapp-image-2018-07-26-at-19-00-59-1\/\" data-orig-file=\"https:\/\/eldiariodesanpedro.com.ar\/sitio\/wp-content\/uploads\/2018\/07\/WhatsApp-Image-2018-07-26-at-19.00.59-1.jpeg\" data-orig-size=\"500,499\" data-comments-opened=\"1\" data-image-meta=\"{&quot;aperture&quot;:&quot;0&quot;,&quot;credit&quot;:&quot;&quot;,&quot;camera&quot;:&quot;&quot;,&quot;caption&quot;:&quot;&quot;,&quot;created_timestamp&quot;:&quot;0&quot;,&quot;copyright&quot;:&quot;&quot;,&quot;focal_length&quot;:&quot;0&quot;,&quot;iso&quot;:&quot;0&quot;,&quot;shutter_speed&quot;:&quot;0&quot;,&quot;title&quot;:&quot;&quot;,&quot;orientation&quot;:&quot;0&quot;}\" data-image-title=\"WhatsApp Image 2018-07-26 at 19.00.59 (1)\" data-image-description=\"\" data-image-caption=\"\" data-large-file=\"https:\/\/eldiariodesanpedro.com.ar\/sitio\/wp-content\/uploads\/2018\/07\/WhatsApp-Image-2018-07-26-at-19.00.59-1.jpeg\" class=\"alignnone size-full wp-image-37194 lazyload\" data-src=\"https:\/\/eldiariodesanpedro.com.ar\/sitio\/wp-content\/uploads\/2018\/07\/WhatsApp-Image-2018-07-26-at-19.00.59-1.jpeg\" alt=\"\" width=\"500\" height=\"499\" data-srcset=\"https:\/\/eldiariodesanpedro.com.ar\/sitio\/wp-content\/uploads\/2018\/07\/WhatsApp-Image-2018-07-26-at-19.00.59-1.jpeg 500w, https:\/\/eldiariodesanpedro.com.ar\/sitio\/wp-content\/uploads\/2018\/07\/WhatsApp-Image-2018-07-26-at-19.00.59-1-150x150.jpeg 150w, https:\/\/eldiariodesanpedro.com.ar\/sitio\/wp-content\/uploads\/2018\/07\/WhatsApp-Image-2018-07-26-at-19.00.59-1-300x300.jpeg 300w\" data-sizes=\"(max-width: 500px) 100vw, 500px\" src=\"data:image\/svg+xml;base64,PHN2ZyB3aWR0aD0iMSIgaGVpZ2h0PSIxIiB4bWxucz0iaHR0cDovL3d3dy53My5vcmcvMjAwMC9zdmciPjwvc3ZnPg==\" style=\"--smush-placeholder-width: 500px; --smush-placeholder-aspect-ratio: 500\/499;\" \/><\/p>\n<p>Para su colaboracion, los telefonos: 3329-527393 o 3329-326440<\/p>\n","protected":false},"excerpt":{"rendered":"<p>\u00abHola gente!! Giovanni y Gianluca nacieron prematuros, est\u00e1 en San Nicol\u00e1s en Neo, Gianluca fue operado y a ra\u00edz de esa operaci\u00f3n tuvieron que hacerle el anocontranatura en el cual necesita la bolsita adecuada para esa operaci\u00f3n, cada una sale $102 y ah\u00ed q cambiarla cada vez que el va de cuerpo. Seria de mucha [&hellip;]<\/p>\n","protected":false},"author":4,"featured_media":37196,"comment_status":"open","ping_status":"closed","sticky":false,"template":"","format":"standard","meta":{"om_disable_all_campaigns":false,"_jetpack_memberships_contains_paid_content":false,"footnotes":""},"categories":[50,2,103],"tags":[],"class_list":["post-37192","post","type-post","status-publish","format-standard","has-post-thumbnail","hentry","category-destacadas","category-locales","category-policiales-locales"],"aioseo_notices":[],"gutentor_comment":0,"jetpack_featured_media_url":"https:\/\/eldiariodesanpedro.com.ar\/sitio\/wp-content\/uploads\/2018\/07\/elnorte590aeae1c531d_hospital-san-felipe.jpg","jetpack_shortlink":"https:\/\/wp.me\/p6RhLt-9FS","jetpack_sharing_enabled":true,"_links":{"self":[{"href":"https:\/\/eldiariodesanpedro.com.ar\/sitio\/wp-json\/wp\/v2\/posts\/37192","targetHints":{"allow":["GET"]}}],"collection":[{"href":"https:\/\/eldiariodesanpedro.com.ar\/sitio\/wp-json\/wp\/v2\/posts"}],"about":[{"href":"https:\/\/eldiariodesanpedro.com.ar\/sitio\/wp-json\/wp\/v2\/types\/post"}],"author":[{"embeddable":true,"href":"https:\/\/eldiariodesanpedro.com.ar\/sitio\/wp-json\/wp\/v2\/users\/4"}],"replies":[{"embeddable":true,"href":"https:\/\/eldiariodesanpedro.com.ar\/sitio\/wp-json\/wp\/v2\/comments?post=37192"}],"version-history":[{"count":1,"href":"https:\/\/eldiariodesanpedro.com.ar\/sitio\/wp-json\/wp\/v2\/posts\/37192\/revisions"}],"predecessor-version":[{"id":37197,"href":"https:\/\/eldiariodesanpedro.com.ar\/sitio\/wp-json\/wp\/v2\/posts\/37192\/revisions\/37197"}],"wp:featuredmedia":[{"embeddable":true,"href":"https:\/\/eldiariodesanpedro.com.ar\/sitio\/wp-json\/wp\/v2\/media\/37196"}],"wp:attachment":[{"href":"https:\/\/eldiariodesanpedro.com.ar\/sitio\/wp-json\/wp\/v2\/media?parent=37192"}],"wp:term":[{"taxonomy":"category","embeddable":true,"href":"https:\/\/eldiariodesanpedro.com.ar\/sitio\/wp-json\/wp\/v2\/categories?post=37192"},{"taxonomy":"post_tag","embeddable":true,"href":"https:\/\/eldiariodesanpedro.com.ar\/sitio\/wp-json\/wp\/v2\/tags?post=37192"}],"curies":[{"name":"wp","href":"https:\/\/api.w.org\/{rel}","templated":true}]}}