{"id":37175,"date":"2018-07-26T13:02:37","date_gmt":"2018-07-26T16:02:37","guid":{"rendered":"https:\/\/eldiariodesanpedro.com.ar\/sitio\/?p=37175"},"modified":"2018-07-26T13:02:37","modified_gmt":"2018-07-26T16:02:37","slug":"vacunacion-gratuita-contra-la-hepatitis-b","status":"publish","type":"post","link":"https:\/\/eldiariodesanpedro.com.ar\/sitio\/vacunacion-gratuita-contra-la-hepatitis-b\/","title":{"rendered":"Vacunaci\u00f3n gratuita contra la Hepatitis B"},"content":{"rendered":"<p><!-- VideographyWP Plugin Message: Automatic video embedding prevented by plugin options. --><br \/>\nEn el marco del D\u00eda Mundial contra la Hepatitis, el cual es el s\u00e1bado 28 de julio, la secretar\u00eda de salud llevar\u00e1 a cabo una vacunaci\u00f3n gratuita contra la Hepatitis B el d\u00eda viernes 27 en el Centro de Comercio e Industria para toda la familia de 9 a 12 hs.<\/p>\n<p>La vacuna contra la Hepatitis B se encuentra dentro del calendario obligatorio de vacunaci\u00f3n.<\/p>\n<p>La hepatitis B es una enfermedad del h\u00edgado provocada por el virus de la hepatitis B (VHB). El virus provoca lesiones en el h\u00edgado y altera su funcionamiento. Un peque\u00f1o porcentaje de personas infectadas no consiguen eliminar el virus y la infecci\u00f3n se vuelve cr\u00f3nica. Esas personas corren un mayor riesgo de morir por cirrosis hep\u00e1tica y c\u00e1ncer de h\u00edgado.<\/p>\n<p>El virus de la hepatitis B se transmite por contacto con la sangre o los l\u00edquidos corporales de personas infectadas, esto es, del mismo modo que el virus de la inmunodeficiencia humana (VIH). Sin embargo, el VHB es unas 50 a 100 veces m\u00e1s infeccioso que el VIH.<\/p>\n<p>Las principales v\u00edas de transmisi\u00f3n del VHB son: perinatal (de la madre al hijo durante el parto); de un ni\u00f1o a otro; inyecciones y transfusiones contaminadas; contacto sexual sin protecci\u00f3n.<\/p>\n<p>Para protegerse contra la hepatitis B vac\u00fanate.<\/p>\n<p>Fuente: OMS (Organizaci\u00f3n Mundial de la Salud)<\/p>\n","protected":false},"excerpt":{"rendered":"<p>En el marco del D\u00eda Mundial contra la Hepatitis, el cual es el s\u00e1bado 28 de julio, la secretar\u00eda de salud llevar\u00e1 a cabo una vacunaci\u00f3n gratuita contra la Hepatitis B el d\u00eda viernes 27 en el Centro de Comercio e Industria para toda la familia de 9 a 12 hs. La vacuna contra la [&hellip;]<\/p>\n","protected":false},"author":4,"featured_media":37176,"comment_status":"open","ping_status":"closed","sticky":false,"template":"","format":"standard","meta":{"om_disable_all_campaigns":false,"_jetpack_memberships_contains_paid_content":false,"footnotes":""},"categories":[101,2],"tags":[],"class_list":["post-37175","post","type-post","status-publish","format-standard","has-post-thumbnail","hentry","category-interes-general-locales","category-locales"],"aioseo_notices":[],"gutentor_comment":0,"jetpack_featured_media_url":"https:\/\/eldiariodesanpedro.com.ar\/sitio\/wp-content\/uploads\/2018\/07\/Vacuna-Hep-B.png","jetpack_shortlink":"https:\/\/wp.me\/p6RhLt-9FB","jetpack_sharing_enabled":true,"_links":{"self":[{"href":"https:\/\/eldiariodesanpedro.com.ar\/sitio\/wp-json\/wp\/v2\/posts\/37175","targetHints":{"allow":["GET"]}}],"collection":[{"href":"https:\/\/eldiariodesanpedro.com.ar\/sitio\/wp-json\/wp\/v2\/posts"}],"about":[{"href":"https:\/\/eldiariodesanpedro.com.ar\/sitio\/wp-json\/wp\/v2\/types\/post"}],"author":[{"embeddable":true,"href":"https:\/\/eldiariodesanpedro.com.ar\/sitio\/wp-json\/wp\/v2\/users\/4"}],"replies":[{"embeddable":true,"href":"https:\/\/eldiariodesanpedro.com.ar\/sitio\/wp-json\/wp\/v2\/comments?post=37175"}],"version-history":[{"count":1,"href":"https:\/\/eldiariodesanpedro.com.ar\/sitio\/wp-json\/wp\/v2\/posts\/37175\/revisions"}],"predecessor-version":[{"id":37177,"href":"https:\/\/eldiariodesanpedro.com.ar\/sitio\/wp-json\/wp\/v2\/posts\/37175\/revisions\/37177"}],"wp:featuredmedia":[{"embeddable":true,"href":"https:\/\/eldiariodesanpedro.com.ar\/sitio\/wp-json\/wp\/v2\/media\/37176"}],"wp:attachment":[{"href":"https:\/\/eldiariodesanpedro.com.ar\/sitio\/wp-json\/wp\/v2\/media?parent=37175"}],"wp:term":[{"taxonomy":"category","embeddable":true,"href":"https:\/\/eldiariodesanpedro.com.ar\/sitio\/wp-json\/wp\/v2\/categories?post=37175"},{"taxonomy":"post_tag","embeddable":true,"href":"https:\/\/eldiariodesanpedro.com.ar\/sitio\/wp-json\/wp\/v2\/tags?post=37175"}],"curies":[{"name":"wp","href":"https:\/\/api.w.org\/{rel}","templated":true}]}}