{"id":37172,"date":"2018-07-26T12:57:17","date_gmt":"2018-07-26T15:57:17","guid":{"rendered":"https:\/\/eldiariodesanpedro.com.ar\/sitio\/?p=37172"},"modified":"2018-07-26T12:57:17","modified_gmt":"2018-07-26T15:57:17","slug":"se-pavimentaran-135-nuevas-cuadras-en-san-pedro-rio-tala-y-gobernador-castro","status":"publish","type":"post","link":"https:\/\/eldiariodesanpedro.com.ar\/sitio\/se-pavimentaran-135-nuevas-cuadras-en-san-pedro-rio-tala-y-gobernador-castro\/","title":{"rendered":"Se pavimentar\u00e1n 135 nuevas  cuadras en San Pedro R\u00edo Tala y Gobernador Castro"},"content":{"rendered":"<p><!-- VideographyWP Plugin Message: Automatic video embedding prevented by plugin options. --><br \/>\nEl compromiso asumido por el Intendente en m\u00faltiples declaraciones p\u00fablicas realizadas durante el desarrollo de la trascendental pavimentaci\u00f3n de 400 cuadras que recientemente finaliz\u00f3, comienza a concretarse al igual que otras obras de infraestructura que los vecinos esperan y merecen.<\/p>\n<p>En La Plata, este lunes, el Intendente Salazar firm\u00f3 con el Lic. Roberto Gigante Ministro Infraestructura de la Provincia de Buenos Aires, el convenio para la ejecuci\u00f3n durante los pr\u00f3ximos meses de 135 nuevas cuadras de pavimento que alcanzar\u00e1n a barrios de San Pedro y de las localidades.<\/p>\n<p>La mejora indiscutible que han llevado las 400 cuadras realizadas en los primeros a\u00f1os de la gesti\u00f3n se extender\u00e1 ahora a los barrios de Paran\u00e1, la Esperanza, Villa Igoillo y Los Aromitos. Adem\u00e1s llegar\u00e1 a cuadrantes de R\u00edo Tala y Gobernador Castro. En los pr\u00f3ximos d\u00edas desde el \u00e1rea de Obras P\u00fablicas se brindar\u00e1n mayores detalles sobre la modalidad, plazos y caracter\u00edsticas de la obra que comenzar\u00e1 en los pr\u00f3ximos meses.<\/p>\n","protected":false},"excerpt":{"rendered":"<p>El compromiso asumido por el Intendente en m\u00faltiples declaraciones p\u00fablicas realizadas durante el desarrollo de la trascendental pavimentaci\u00f3n de 400 cuadras que recientemente finaliz\u00f3, comienza a concretarse al igual que otras obras de infraestructura que los vecinos esperan y merecen. En La Plata, este lunes, el Intendente Salazar firm\u00f3 con el Lic. Roberto Gigante Ministro [&hellip;]<\/p>\n","protected":false},"author":4,"featured_media":37173,"comment_status":"open","ping_status":"closed","sticky":false,"template":"","format":"standard","meta":{"om_disable_all_campaigns":false,"_jetpack_memberships_contains_paid_content":false,"footnotes":""},"categories":[101,2],"tags":[],"class_list":["post-37172","post","type-post","status-publish","format-standard","has-post-thumbnail","hentry","category-interes-general-locales","category-locales"],"aioseo_notices":[],"gutentor_comment":0,"jetpack_featured_media_url":"https:\/\/eldiariodesanpedro.com.ar\/sitio\/wp-content\/uploads\/2018\/07\/pavimentacion.png","jetpack_shortlink":"https:\/\/wp.me\/p6RhLt-9Fy","jetpack_sharing_enabled":true,"_links":{"self":[{"href":"https:\/\/eldiariodesanpedro.com.ar\/sitio\/wp-json\/wp\/v2\/posts\/37172","targetHints":{"allow":["GET"]}}],"collection":[{"href":"https:\/\/eldiariodesanpedro.com.ar\/sitio\/wp-json\/wp\/v2\/posts"}],"about":[{"href":"https:\/\/eldiariodesanpedro.com.ar\/sitio\/wp-json\/wp\/v2\/types\/post"}],"author":[{"embeddable":true,"href":"https:\/\/eldiariodesanpedro.com.ar\/sitio\/wp-json\/wp\/v2\/users\/4"}],"replies":[{"embeddable":true,"href":"https:\/\/eldiariodesanpedro.com.ar\/sitio\/wp-json\/wp\/v2\/comments?post=37172"}],"version-history":[{"count":1,"href":"https:\/\/eldiariodesanpedro.com.ar\/sitio\/wp-json\/wp\/v2\/posts\/37172\/revisions"}],"predecessor-version":[{"id":37174,"href":"https:\/\/eldiariodesanpedro.com.ar\/sitio\/wp-json\/wp\/v2\/posts\/37172\/revisions\/37174"}],"wp:featuredmedia":[{"embeddable":true,"href":"https:\/\/eldiariodesanpedro.com.ar\/sitio\/wp-json\/wp\/v2\/media\/37173"}],"wp:attachment":[{"href":"https:\/\/eldiariodesanpedro.com.ar\/sitio\/wp-json\/wp\/v2\/media?parent=37172"}],"wp:term":[{"taxonomy":"category","embeddable":true,"href":"https:\/\/eldiariodesanpedro.com.ar\/sitio\/wp-json\/wp\/v2\/categories?post=37172"},{"taxonomy":"post_tag","embeddable":true,"href":"https:\/\/eldiariodesanpedro.com.ar\/sitio\/wp-json\/wp\/v2\/tags?post=37172"}],"curies":[{"name":"wp","href":"https:\/\/api.w.org\/{rel}","templated":true}]}}