{"id":37164,"date":"2018-07-26T12:23:41","date_gmt":"2018-07-26T15:23:41","guid":{"rendered":"https:\/\/eldiariodesanpedro.com.ar\/sitio\/?p=37164"},"modified":"2018-07-26T12:23:41","modified_gmt":"2018-07-26T15:23:41","slug":"visita-de-fundacion-unidos-por-naturaleza-a-san-pedro","status":"publish","type":"post","link":"https:\/\/eldiariodesanpedro.com.ar\/sitio\/visita-de-fundacion-unidos-por-naturaleza-a-san-pedro\/","title":{"rendered":"Visita de Fundaci\u00f3n Unidos por Naturaleza a San Pedro"},"content":{"rendered":"<p><!-- VideographyWP Plugin Message: Automatic video embedding prevented by plugin options. --><br \/>\nEstuvieron muestreando peces para un libro en el predio propuesto como Reserva Natural Urbana.<\/p>\n<p>La Fundaci\u00f3n Unidos por Naturaleza es una ONG conformada por Nicol\u00e1s Tizio, Ariana Genghini, Carmela Mar\u00edn, Fiorela Litterio y Nicol\u00e1s Olalla quienes promueven la conservaci\u00f3n del ambiente mediante la producci\u00f3n de libros, documentales, la revista digital BIOMAS, charlas y talleres que apuntan a la difusi\u00f3n de la biodiversidad y las problem\u00e1ticas ambientales. Algunos de sus miembros estuvieron en San Pedro el pasado s\u00e1bado con el fin de fotografiar peces para la edici\u00f3n de un libro.<\/p>\n<p>Al enterarse a trav\u00e9s de una publicaci\u00f3n en el Instagram de la fundaci\u00f3n de la visita y de que el sitio elegido para los muestreos fue el Paseo P\u00fablico 2, tambi\u00e9n llamado Pasillo, el grupo que promueve la declaraci\u00f3n del sitio como Reserva Natural Urbana se comunic\u00f3 para saber los motivos de la elecci\u00f3n del lugar y los resultados de la jornada, la respuesta que obtuvieron fue la siguiente:<\/p>\n<p>\u201cEl d\u00eda 21 de Julio visitamos San Pedro en el marco de la realizaci\u00f3n del libro \u201cCuriosidades de los peces argentinos de agua dulce\u201d, que tendr\u00e1 como co-autores a Jorge Casciotta y Adriana Almir\u00f3n, icti\u00f3logos del Museo de La Plata y el cual ser\u00e1 ilustrado con fotograf\u00edas de Nicolas Tizio.<br \/>\nHabiendo recorrido la costa de San Pedro y Obligado, y los arroyos que atraviesan la calle Lucio Mansilla, nos encontramos con que el lugar ideal para realizar el muestreo de ictiofauna era el Paseo P\u00fablico 2, debido a la naturaleza de su costa, la cual posee un fondo en el que se pod\u00eda caminar para pasar el copo, y abundante vegetaci\u00f3n flotante, que brinda refugio a numerosas especies de peces.<\/p>\n<p>En el muestreo realizado pudimos obtener m\u00e1s de 20 especies de peces peque\u00f1os identificadas hasta el momento, entre los cuales se destacan el pez aguja (Pseudotylosurus angusticeps), la vieja cola de l\u00e1tigo (Rineloricariaparva) y la chanchita (Gymnogeophagus balzanii) entre otros, pertenecientes a ocho familias distintas.<\/p>\n<p>La jornada fue muy fruct\u00edfera por lo que es probable que volvamos a visitar la zona para realizar nuevos muestreos.\u201d<\/p>\n<p>Para el grupo pro-reserva este es un nuevo fundamento para la conservaci\u00f3n del sitio y as\u00ed lo manifestaron en la p\u00e1gina de Facebook Reserva Natural Urbana de San Pedro, donde comentaron que ha pasado m\u00e1s de un a\u00f1o desde la \u00faltima reuni\u00f3n en que trataron el proyecto de ordenanza con el HCD.<\/p>\n<p><img decoding=\"async\" data-attachment-id=\"37166\" data-permalink=\"https:\/\/eldiariodesanpedro.com.ar\/sitio\/visita-de-fundacion-unidos-por-naturaleza-a-san-pedro\/pez-agujafoto-de-nicolas-tizio\/\" data-orig-file=\"https:\/\/eldiariodesanpedro.com.ar\/sitio\/wp-content\/uploads\/2018\/07\/pez-agujafoto-de-Nicolas-Tizio.jpg\" data-orig-size=\"1280,853\" data-comments-opened=\"1\" data-image-meta=\"{&quot;aperture&quot;:&quot;0&quot;,&quot;credit&quot;:&quot;&quot;,&quot;camera&quot;:&quot;&quot;,&quot;caption&quot;:&quot;&quot;,&quot;created_timestamp&quot;:&quot;0&quot;,&quot;copyright&quot;:&quot;&quot;,&quot;focal_length&quot;:&quot;0&quot;,&quot;iso&quot;:&quot;0&quot;,&quot;shutter_speed&quot;:&quot;0&quot;,&quot;title&quot;:&quot;&quot;,&quot;orientation&quot;:&quot;0&quot;}\" data-image-title=\"pez agujafoto de Nicolas Tizio\" data-image-description=\"\" data-image-caption=\"\" data-large-file=\"https:\/\/eldiariodesanpedro.com.ar\/sitio\/wp-content\/uploads\/2018\/07\/pez-agujafoto-de-Nicolas-Tizio-1024x682.jpg\" class=\"size-large wp-image-37166 aligncenter lazyload\" data-src=\"https:\/\/eldiariodesanpedro.com.ar\/sitio\/wp-content\/uploads\/2018\/07\/pez-agujafoto-de-Nicolas-Tizio-1024x682.jpg\" alt=\"\" width=\"660\" height=\"440\" data-srcset=\"https:\/\/eldiariodesanpedro.com.ar\/sitio\/wp-content\/uploads\/2018\/07\/pez-agujafoto-de-Nicolas-Tizio-1024x682.jpg 1024w, https:\/\/eldiariodesanpedro.com.ar\/sitio\/wp-content\/uploads\/2018\/07\/pez-agujafoto-de-Nicolas-Tizio-300x200.jpg 300w, https:\/\/eldiariodesanpedro.com.ar\/sitio\/wp-content\/uploads\/2018\/07\/pez-agujafoto-de-Nicolas-Tizio-768x512.jpg 768w, https:\/\/eldiariodesanpedro.com.ar\/sitio\/wp-content\/uploads\/2018\/07\/pez-agujafoto-de-Nicolas-Tizio.jpg 1280w\" data-sizes=\"(max-width: 660px) 100vw, 660px\" src=\"data:image\/svg+xml;base64,PHN2ZyB3aWR0aD0iMSIgaGVpZ2h0PSIxIiB4bWxucz0iaHR0cDovL3d3dy53My5vcmcvMjAwMC9zdmciPjwvc3ZnPg==\" style=\"--smush-placeholder-width: 660px; --smush-placeholder-aspect-ratio: 660\/440;\" \/><\/p>\n","protected":false},"excerpt":{"rendered":"<p>Estuvieron muestreando peces para un libro en el predio propuesto como Reserva Natural Urbana. La Fundaci\u00f3n Unidos por Naturaleza es una ONG conformada por Nicol\u00e1s Tizio, Ariana Genghini, Carmela Mar\u00edn, Fiorela Litterio y Nicol\u00e1s Olalla quienes promueven la conservaci\u00f3n del ambiente mediante la producci\u00f3n de libros, documentales, la revista digital BIOMAS, charlas y talleres que [&hellip;]<\/p>\n","protected":false},"author":4,"featured_media":37165,"comment_status":"open","ping_status":"closed","sticky":false,"template":"","format":"standard","meta":{"om_disable_all_campaigns":false,"_jetpack_memberships_contains_paid_content":false,"footnotes":""},"categories":[101,2],"tags":[],"class_list":["post-37164","post","type-post","status-publish","format-standard","has-post-thumbnail","hentry","category-interes-general-locales","category-locales"],"aioseo_notices":[],"gutentor_comment":0,"jetpack_featured_media_url":"https:\/\/eldiariodesanpedro.com.ar\/sitio\/wp-content\/uploads\/2018\/07\/37860325_10217505418252498_6024777245753606144_n.jpg","jetpack_shortlink":"https:\/\/wp.me\/p6RhLt-9Fq","jetpack_sharing_enabled":true,"_links":{"self":[{"href":"https:\/\/eldiariodesanpedro.com.ar\/sitio\/wp-json\/wp\/v2\/posts\/37164","targetHints":{"allow":["GET"]}}],"collection":[{"href":"https:\/\/eldiariodesanpedro.com.ar\/sitio\/wp-json\/wp\/v2\/posts"}],"about":[{"href":"https:\/\/eldiariodesanpedro.com.ar\/sitio\/wp-json\/wp\/v2\/types\/post"}],"author":[{"embeddable":true,"href":"https:\/\/eldiariodesanpedro.com.ar\/sitio\/wp-json\/wp\/v2\/users\/4"}],"replies":[{"embeddable":true,"href":"https:\/\/eldiariodesanpedro.com.ar\/sitio\/wp-json\/wp\/v2\/comments?post=37164"}],"version-history":[{"count":1,"href":"https:\/\/eldiariodesanpedro.com.ar\/sitio\/wp-json\/wp\/v2\/posts\/37164\/revisions"}],"predecessor-version":[{"id":37167,"href":"https:\/\/eldiariodesanpedro.com.ar\/sitio\/wp-json\/wp\/v2\/posts\/37164\/revisions\/37167"}],"wp:featuredmedia":[{"embeddable":true,"href":"https:\/\/eldiariodesanpedro.com.ar\/sitio\/wp-json\/wp\/v2\/media\/37165"}],"wp:attachment":[{"href":"https:\/\/eldiariodesanpedro.com.ar\/sitio\/wp-json\/wp\/v2\/media?parent=37164"}],"wp:term":[{"taxonomy":"category","embeddable":true,"href":"https:\/\/eldiariodesanpedro.com.ar\/sitio\/wp-json\/wp\/v2\/categories?post=37164"},{"taxonomy":"post_tag","embeddable":true,"href":"https:\/\/eldiariodesanpedro.com.ar\/sitio\/wp-json\/wp\/v2\/tags?post=37164"}],"curies":[{"name":"wp","href":"https:\/\/api.w.org\/{rel}","templated":true}]}}