{"id":37163,"date":"2018-07-26T12:29:48","date_gmt":"2018-07-26T15:29:48","guid":{"rendered":"https:\/\/eldiariodesanpedro.com.ar\/sitio\/?p=37163"},"modified":"2018-07-26T15:54:53","modified_gmt":"2018-07-26T18:54:53","slug":"comenzo-en-nuestra-ciudad-un-megaoperativo-de-saturacion-contra-motochorros","status":"publish","type":"post","link":"https:\/\/eldiariodesanpedro.com.ar\/sitio\/comenzo-en-nuestra-ciudad-un-megaoperativo-de-saturacion-contra-motochorros\/","title":{"rendered":"Comenz\u00f3 en nuestra ciudad un megaoperativo de saturaci\u00f3n contra motochorros"},"content":{"rendered":"<p><!-- VideographyWP Plugin Message: Automatic video embedding prevented by plugin options. --><br \/>\nLos robos en la v\u00eda p\u00fablica cometidos por asaltantes que se trasladan en moto ser\u00e1n el objetivo central de un megaoperativo que, incluir\u00e1 el despliegue de m\u00e1s de 12 mil polic\u00edas bonaerenses.<\/p>\n<p>  El plan fue presentado a principios de este mes por los equipos de Seguridad de la gobernadora Mar\u00eda Eugenia Vidal en una reuni\u00f3n a la que fueron convocados los intendentes de los distritos m\u00e1s comprometidos, donde reclamaron el aumento de presencia uniformada disuasiva para aumentar los m\u00e1rgenes de seguridad.<\/p>\n<p>  El llamado \u00abOperativo intensivo contra delitos prevenibles\u00bb, ideado principalmente como un plan de combate a los motochorros, ya se encuentra en nuestra ciudad. Desde este jueves hasta el 15 de Agosto del corriente a\u00f1o se proceder\u00e1 a interceptaci\u00f3n vehicular, identificaci\u00f3n de personas, etc.<br \/>\n  Se centrar\u00e1 en las zonas m\u00e1s golpeadas por esta modalidad, las de alta actividad comercial o financiera y tambi\u00e9n, en los barrios m\u00e1s peligrosos donde los procedimientos ser\u00e1n sorpresivos. <\/p>\n<p>  Participan del mega operativo todos los m\u00f3viles de Comisar\u00eda local, el GAD y m\u00f3viles de la ciudad vecina de Baradero y Ramallo que ya se encuentran en San Pedro.<\/p>\n<p><img decoding=\"async\" data-attachment-id=\"37169\" data-permalink=\"https:\/\/eldiariodesanpedro.com.ar\/sitio\/comenzo-en-nuestra-ciudad-un-megaoperativo-de-saturacion-contra-motochorros\/whatsapp-image-2018-07-26-at-12-08-04\/\" data-orig-file=\"https:\/\/eldiariodesanpedro.com.ar\/sitio\/wp-content\/uploads\/2018\/07\/WhatsApp-Image-2018-07-26-at-12.08.04.jpeg\" data-orig-size=\"1280,622\" data-comments-opened=\"1\" data-image-meta=\"{&quot;aperture&quot;:&quot;0&quot;,&quot;credit&quot;:&quot;&quot;,&quot;camera&quot;:&quot;&quot;,&quot;caption&quot;:&quot;&quot;,&quot;created_timestamp&quot;:&quot;0&quot;,&quot;copyright&quot;:&quot;&quot;,&quot;focal_length&quot;:&quot;0&quot;,&quot;iso&quot;:&quot;0&quot;,&quot;shutter_speed&quot;:&quot;0&quot;,&quot;title&quot;:&quot;&quot;,&quot;orientation&quot;:&quot;0&quot;}\" data-image-title=\"WhatsApp Image 2018-07-26 at 12.08.04\" data-image-description=\"\" data-image-caption=\"\" data-large-file=\"https:\/\/eldiariodesanpedro.com.ar\/sitio\/wp-content\/uploads\/2018\/07\/WhatsApp-Image-2018-07-26-at-12.08.04-1024x498.jpeg\" data-src=\"https:\/\/eldiariodesanpedro.com.ar\/sitio\/wp-content\/uploads\/2018\/07\/WhatsApp-Image-2018-07-26-at-12.08.04-1024x498.jpeg\" alt=\"\" width=\"660\" height=\"321\" class=\"alignnone size-large wp-image-37169 lazyload\" data-srcset=\"https:\/\/eldiariodesanpedro.com.ar\/sitio\/wp-content\/uploads\/2018\/07\/WhatsApp-Image-2018-07-26-at-12.08.04-1024x498.jpeg 1024w, https:\/\/eldiariodesanpedro.com.ar\/sitio\/wp-content\/uploads\/2018\/07\/WhatsApp-Image-2018-07-26-at-12.08.04-300x146.jpeg 300w, https:\/\/eldiariodesanpedro.com.ar\/sitio\/wp-content\/uploads\/2018\/07\/WhatsApp-Image-2018-07-26-at-12.08.04-768x373.jpeg 768w, https:\/\/eldiariodesanpedro.com.ar\/sitio\/wp-content\/uploads\/2018\/07\/WhatsApp-Image-2018-07-26-at-12.08.04.jpeg 1280w\" data-sizes=\"(max-width: 660px) 100vw, 660px\" src=\"data:image\/svg+xml;base64,PHN2ZyB3aWR0aD0iMSIgaGVpZ2h0PSIxIiB4bWxucz0iaHR0cDovL3d3dy53My5vcmcvMjAwMC9zdmciPjwvc3ZnPg==\" style=\"--smush-placeholder-width: 660px; --smush-placeholder-aspect-ratio: 660\/321;\" \/><\/p>\n<p><img decoding=\"async\" data-attachment-id=\"37168\" data-permalink=\"https:\/\/eldiariodesanpedro.com.ar\/sitio\/comenzo-en-nuestra-ciudad-un-megaoperativo-de-saturacion-contra-motochorros\/whatsapp-image-2018-07-26-at-12-08-03\/\" data-orig-file=\"https:\/\/eldiariodesanpedro.com.ar\/sitio\/wp-content\/uploads\/2018\/07\/WhatsApp-Image-2018-07-26-at-12.08.03.jpeg\" data-orig-size=\"1280,622\" data-comments-opened=\"1\" data-image-meta=\"{&quot;aperture&quot;:&quot;0&quot;,&quot;credit&quot;:&quot;&quot;,&quot;camera&quot;:&quot;&quot;,&quot;caption&quot;:&quot;&quot;,&quot;created_timestamp&quot;:&quot;0&quot;,&quot;copyright&quot;:&quot;&quot;,&quot;focal_length&quot;:&quot;0&quot;,&quot;iso&quot;:&quot;0&quot;,&quot;shutter_speed&quot;:&quot;0&quot;,&quot;title&quot;:&quot;&quot;,&quot;orientation&quot;:&quot;0&quot;}\" data-image-title=\"WhatsApp Image 2018-07-26 at 12.08.03\" data-image-description=\"\" data-image-caption=\"\" data-large-file=\"https:\/\/eldiariodesanpedro.com.ar\/sitio\/wp-content\/uploads\/2018\/07\/WhatsApp-Image-2018-07-26-at-12.08.03-1024x498.jpeg\" data-src=\"https:\/\/eldiariodesanpedro.com.ar\/sitio\/wp-content\/uploads\/2018\/07\/WhatsApp-Image-2018-07-26-at-12.08.03-1024x498.jpeg\" alt=\"\" width=\"660\" height=\"321\" class=\"alignnone size-large wp-image-37168 lazyload\" data-srcset=\"https:\/\/eldiariodesanpedro.com.ar\/sitio\/wp-content\/uploads\/2018\/07\/WhatsApp-Image-2018-07-26-at-12.08.03-1024x498.jpeg 1024w, https:\/\/eldiariodesanpedro.com.ar\/sitio\/wp-content\/uploads\/2018\/07\/WhatsApp-Image-2018-07-26-at-12.08.03-300x146.jpeg 300w, https:\/\/eldiariodesanpedro.com.ar\/sitio\/wp-content\/uploads\/2018\/07\/WhatsApp-Image-2018-07-26-at-12.08.03-768x373.jpeg 768w, https:\/\/eldiariodesanpedro.com.ar\/sitio\/wp-content\/uploads\/2018\/07\/WhatsApp-Image-2018-07-26-at-12.08.03.jpeg 1280w\" data-sizes=\"(max-width: 660px) 100vw, 660px\" src=\"data:image\/svg+xml;base64,PHN2ZyB3aWR0aD0iMSIgaGVpZ2h0PSIxIiB4bWxucz0iaHR0cDovL3d3dy53My5vcmcvMjAwMC9zdmciPjwvc3ZnPg==\" style=\"--smush-placeholder-width: 660px; --smush-placeholder-aspect-ratio: 660\/321;\" \/><\/p>\n","protected":false},"excerpt":{"rendered":"<p>Los robos en la v\u00eda p\u00fablica cometidos por asaltantes que se trasladan en moto ser\u00e1n el objetivo central de un megaoperativo que, incluir\u00e1 el despliegue de m\u00e1s de 12 mil polic\u00edas bonaerenses. El plan fue presentado a principios de este mes por los equipos de Seguridad de la gobernadora Mar\u00eda Eugenia Vidal en una reuni\u00f3n [&hellip;]<\/p>\n","protected":false},"author":4,"featured_media":37168,"comment_status":"open","ping_status":"closed","sticky":false,"template":"","format":"standard","meta":{"om_disable_all_campaigns":false,"_jetpack_memberships_contains_paid_content":false,"footnotes":""},"categories":[50,2,103],"tags":[],"class_list":["post-37163","post","type-post","status-publish","format-standard","has-post-thumbnail","hentry","category-destacadas","category-locales","category-policiales-locales"],"aioseo_notices":[],"gutentor_comment":0,"jetpack_featured_media_url":"https:\/\/eldiariodesanpedro.com.ar\/sitio\/wp-content\/uploads\/2018\/07\/WhatsApp-Image-2018-07-26-at-12.08.03.jpeg","jetpack_shortlink":"https:\/\/wp.me\/p6RhLt-9Fp","jetpack_sharing_enabled":true,"_links":{"self":[{"href":"https:\/\/eldiariodesanpedro.com.ar\/sitio\/wp-json\/wp\/v2\/posts\/37163","targetHints":{"allow":["GET"]}}],"collection":[{"href":"https:\/\/eldiariodesanpedro.com.ar\/sitio\/wp-json\/wp\/v2\/posts"}],"about":[{"href":"https:\/\/eldiariodesanpedro.com.ar\/sitio\/wp-json\/wp\/v2\/types\/post"}],"author":[{"embeddable":true,"href":"https:\/\/eldiariodesanpedro.com.ar\/sitio\/wp-json\/wp\/v2\/users\/4"}],"replies":[{"embeddable":true,"href":"https:\/\/eldiariodesanpedro.com.ar\/sitio\/wp-json\/wp\/v2\/comments?post=37163"}],"version-history":[{"count":3,"href":"https:\/\/eldiariodesanpedro.com.ar\/sitio\/wp-json\/wp\/v2\/posts\/37163\/revisions"}],"predecessor-version":[{"id":37179,"href":"https:\/\/eldiariodesanpedro.com.ar\/sitio\/wp-json\/wp\/v2\/posts\/37163\/revisions\/37179"}],"wp:featuredmedia":[{"embeddable":true,"href":"https:\/\/eldiariodesanpedro.com.ar\/sitio\/wp-json\/wp\/v2\/media\/37168"}],"wp:attachment":[{"href":"https:\/\/eldiariodesanpedro.com.ar\/sitio\/wp-json\/wp\/v2\/media?parent=37163"}],"wp:term":[{"taxonomy":"category","embeddable":true,"href":"https:\/\/eldiariodesanpedro.com.ar\/sitio\/wp-json\/wp\/v2\/categories?post=37163"},{"taxonomy":"post_tag","embeddable":true,"href":"https:\/\/eldiariodesanpedro.com.ar\/sitio\/wp-json\/wp\/v2\/tags?post=37163"}],"curies":[{"name":"wp","href":"https:\/\/api.w.org\/{rel}","templated":true}]}}