{"id":37161,"date":"2018-07-26T11:34:30","date_gmt":"2018-07-26T14:34:30","guid":{"rendered":"https:\/\/eldiariodesanpedro.com.ar\/sitio\/?p=37161"},"modified":"2018-07-26T11:34:30","modified_gmt":"2018-07-26T14:34:30","slug":"accidente-entre-dos-automoviles-3","status":"publish","type":"post","link":"https:\/\/eldiariodesanpedro.com.ar\/sitio\/accidente-entre-dos-automoviles-3\/","title":{"rendered":"Accidente entre dos automoviles"},"content":{"rendered":"<p><!-- VideographyWP Plugin Message: Automatic video embedding prevented by plugin options. --><br \/>\nEn la ma\u00f1ana de este jueves se produjo un accidente de tr\u00e1nsito entre dos autom\u00f3viles.<\/p>\n<p>Este jueves alrededor de las 10:30 hs se produjo un siniestro entre dos autom\u00f3viles en la esquina de Mitre y Col\u00f3n entre un autom\u00f3vil Volkswagen Voyage y un Chevrolet Astra. <\/p>\n<p>En el lugar se present\u00f3 el SAME como precauci\u00f3n ya que en uno de los rodados circulaban dos ni\u00f1os, afortunadamente nadie result\u00f3 herido y las partes arreglaran con el seguro. <\/p>\n","protected":false},"excerpt":{"rendered":"<p>En la ma\u00f1ana de este jueves se produjo un accidente de tr\u00e1nsito entre dos autom\u00f3viles. Este jueves alrededor de las 10:30 hs se produjo un siniestro entre dos autom\u00f3viles en la esquina de Mitre y Col\u00f3n entre un autom\u00f3vil Volkswagen Voyage y un Chevrolet Astra. En el lugar se present\u00f3 el SAME como precauci\u00f3n ya [&hellip;]<\/p>\n","protected":false},"author":4,"featured_media":37156,"comment_status":"open","ping_status":"closed","sticky":false,"template":"","format":"standard","meta":{"om_disable_all_campaigns":false,"_jetpack_memberships_contains_paid_content":false,"footnotes":""},"categories":[2,103],"tags":[],"class_list":["post-37161","post","type-post","status-publish","format-standard","has-post-thumbnail","hentry","category-locales","category-policiales-locales"],"aioseo_notices":[],"gutentor_comment":0,"jetpack_featured_media_url":"https:\/\/eldiariodesanpedro.com.ar\/sitio\/wp-content\/uploads\/2018\/07\/20180726_105015-e1532614367460.jpg","jetpack_shortlink":"https:\/\/wp.me\/p6RhLt-9Fn","jetpack_sharing_enabled":true,"_links":{"self":[{"href":"https:\/\/eldiariodesanpedro.com.ar\/sitio\/wp-json\/wp\/v2\/posts\/37161","targetHints":{"allow":["GET"]}}],"collection":[{"href":"https:\/\/eldiariodesanpedro.com.ar\/sitio\/wp-json\/wp\/v2\/posts"}],"about":[{"href":"https:\/\/eldiariodesanpedro.com.ar\/sitio\/wp-json\/wp\/v2\/types\/post"}],"author":[{"embeddable":true,"href":"https:\/\/eldiariodesanpedro.com.ar\/sitio\/wp-json\/wp\/v2\/users\/4"}],"replies":[{"embeddable":true,"href":"https:\/\/eldiariodesanpedro.com.ar\/sitio\/wp-json\/wp\/v2\/comments?post=37161"}],"version-history":[{"count":1,"href":"https:\/\/eldiariodesanpedro.com.ar\/sitio\/wp-json\/wp\/v2\/posts\/37161\/revisions"}],"predecessor-version":[{"id":37162,"href":"https:\/\/eldiariodesanpedro.com.ar\/sitio\/wp-json\/wp\/v2\/posts\/37161\/revisions\/37162"}],"wp:featuredmedia":[{"embeddable":true,"href":"https:\/\/eldiariodesanpedro.com.ar\/sitio\/wp-json\/wp\/v2\/media\/37156"}],"wp:attachment":[{"href":"https:\/\/eldiariodesanpedro.com.ar\/sitio\/wp-json\/wp\/v2\/media?parent=37161"}],"wp:term":[{"taxonomy":"category","embeddable":true,"href":"https:\/\/eldiariodesanpedro.com.ar\/sitio\/wp-json\/wp\/v2\/categories?post=37161"},{"taxonomy":"post_tag","embeddable":true,"href":"https:\/\/eldiariodesanpedro.com.ar\/sitio\/wp-json\/wp\/v2\/tags?post=37161"}],"curies":[{"name":"wp","href":"https:\/\/api.w.org\/{rel}","templated":true}]}}