{"id":37152,"date":"2018-07-26T10:58:26","date_gmt":"2018-07-26T13:58:26","guid":{"rendered":"https:\/\/eldiariodesanpedro.com.ar\/sitio\/?p=37152"},"modified":"2018-07-26T10:58:26","modified_gmt":"2018-07-26T13:58:26","slug":"acto-por-los-111-anos-de-san-pedro-ciudad","status":"publish","type":"post","link":"https:\/\/eldiariodesanpedro.com.ar\/sitio\/acto-por-los-111-anos-de-san-pedro-ciudad\/","title":{"rendered":"Acto por los 111 a\u00f1os de San Pedro Ciudad"},"content":{"rendered":"<p><!-- VideographyWP Plugin Message: Automatic video embedding prevented by plugin options. --><br \/>\nEn el Sal\u00f3n Dorado de la Municipalidad de San Pedro se concret\u00f3 este mi\u00e9rcoles, el acto por los 111 a\u00f1os de la Declaraci\u00f3n de Ciudad. En el marco de una semana especial y cerrando una jornada con varias actividades relacionadas, autoridades y dirigentes institucionales se reunieron para un encuentro que cont\u00f3 con un mensaje del Secretario de Gobierno Silvio Corti en representaci\u00f3n del Intendente Salazar. <\/p>\n<p>Corti record\u00f3 que la historia sampedrina comienza antes que esta fecha en la que se obtuvo la declaraci\u00f3n de Ciudad. Habl\u00f3 del esp\u00edritu de comunidad que abrazaron aquellos primeros pobladores que eligieron nuestra tierra para crecer y trabajar. Se\u00f1al\u00f3 tambi\u00e9n que en tiempos como los actuales en los que parece dif\u00edcil poder convivir y relacionarnos buscando todos el mismo objetivo, una fecha como la de este aniversario es otra ocasi\u00f3n para reconocernos como pares y entender que \u00aben nuestro quehacer diario, todos podemos hacer nuestro aporte para una ciudad mejor haciendo valer nuestros derechos y respetando nuestras obligaciones\u00bb.<\/p>\n<p>El cierre del encuentro cont\u00f3 con la actuaci\u00f3n del Ensamble del Conservatorio de M\u00fasica, Carlos Guastavino que cerr\u00f3 con aplausos esta ceremonia.<\/p>\n","protected":false},"excerpt":{"rendered":"<p>En el Sal\u00f3n Dorado de la Municipalidad de San Pedro se concret\u00f3 este mi\u00e9rcoles, el acto por los 111 a\u00f1os de la Declaraci\u00f3n de Ciudad. En el marco de una semana especial y cerrando una jornada con varias actividades relacionadas, autoridades y dirigentes institucionales se reunieron para un encuentro que cont\u00f3 con un mensaje del [&hellip;]<\/p>\n","protected":false},"author":4,"featured_media":37153,"comment_status":"open","ping_status":"closed","sticky":false,"template":"","format":"standard","meta":{"om_disable_all_campaigns":false,"_jetpack_memberships_contains_paid_content":false,"footnotes":""},"categories":[50,101,2],"tags":[],"class_list":["post-37152","post","type-post","status-publish","format-standard","has-post-thumbnail","hentry","category-destacadas","category-interes-general-locales","category-locales"],"aioseo_notices":[],"gutentor_comment":0,"jetpack_featured_media_url":"https:\/\/eldiariodesanpedro.com.ar\/sitio\/wp-content\/uploads\/2018\/07\/BI4A6669-e1532613460305.jpg","jetpack_shortlink":"https:\/\/wp.me\/p6RhLt-9Fe","jetpack_sharing_enabled":true,"_links":{"self":[{"href":"https:\/\/eldiariodesanpedro.com.ar\/sitio\/wp-json\/wp\/v2\/posts\/37152","targetHints":{"allow":["GET"]}}],"collection":[{"href":"https:\/\/eldiariodesanpedro.com.ar\/sitio\/wp-json\/wp\/v2\/posts"}],"about":[{"href":"https:\/\/eldiariodesanpedro.com.ar\/sitio\/wp-json\/wp\/v2\/types\/post"}],"author":[{"embeddable":true,"href":"https:\/\/eldiariodesanpedro.com.ar\/sitio\/wp-json\/wp\/v2\/users\/4"}],"replies":[{"embeddable":true,"href":"https:\/\/eldiariodesanpedro.com.ar\/sitio\/wp-json\/wp\/v2\/comments?post=37152"}],"version-history":[{"count":1,"href":"https:\/\/eldiariodesanpedro.com.ar\/sitio\/wp-json\/wp\/v2\/posts\/37152\/revisions"}],"predecessor-version":[{"id":37154,"href":"https:\/\/eldiariodesanpedro.com.ar\/sitio\/wp-json\/wp\/v2\/posts\/37152\/revisions\/37154"}],"wp:featuredmedia":[{"embeddable":true,"href":"https:\/\/eldiariodesanpedro.com.ar\/sitio\/wp-json\/wp\/v2\/media\/37153"}],"wp:attachment":[{"href":"https:\/\/eldiariodesanpedro.com.ar\/sitio\/wp-json\/wp\/v2\/media?parent=37152"}],"wp:term":[{"taxonomy":"category","embeddable":true,"href":"https:\/\/eldiariodesanpedro.com.ar\/sitio\/wp-json\/wp\/v2\/categories?post=37152"},{"taxonomy":"post_tag","embeddable":true,"href":"https:\/\/eldiariodesanpedro.com.ar\/sitio\/wp-json\/wp\/v2\/tags?post=37152"}],"curies":[{"name":"wp","href":"https:\/\/api.w.org\/{rel}","templated":true}]}}