{"id":37149,"date":"2018-07-26T10:48:10","date_gmt":"2018-07-26T13:48:10","guid":{"rendered":"https:\/\/eldiariodesanpedro.com.ar\/sitio\/?p=37149"},"modified":"2018-07-26T10:48:10","modified_gmt":"2018-07-26T13:48:10","slug":"accidente-entre-un-automovil-y-una-moto-3","status":"publish","type":"post","link":"https:\/\/eldiariodesanpedro.com.ar\/sitio\/accidente-entre-un-automovil-y-una-moto-3\/","title":{"rendered":"Accidente entre un autom\u00f3vil y una moto"},"content":{"rendered":"<p><!-- VideographyWP Plugin Message: Automatic video embedding prevented by plugin options. --><br \/>\nEste mi\u00e9rcoles por la noche, por causas que se  tratasen de establecer, en intersecci\u00f3n de calle Mitre y Juan B Justo, se produjo una colisi\u00f3n entre un  autom\u00f3vil de la marca VW modelo polo de color rojo, conducido por un joven de 27 a\u00f1os, con una  motocicleta marca Honda 125 cc de color negra, conducida por un joven de 26.<\/p>\n<p>Como consecuencias, este \u00faltimo resulta lesionado, trasladado al nosocomio local por la ambulancia del SAME y tras examen del medico de guardia, se dictamina que presenta lesiones de car\u00e1cter leves. <\/p>\n<p>Investiga el hecho la fiscal\u00eda en turno de san pedro.<\/p>\n","protected":false},"excerpt":{"rendered":"<p>Este mi\u00e9rcoles por la noche, por causas que se tratasen de establecer, en intersecci\u00f3n de calle Mitre y Juan B Justo, se produjo una colisi\u00f3n entre un autom\u00f3vil de la marca VW modelo polo de color rojo, conducido por un joven de 27 a\u00f1os, con una motocicleta marca Honda 125 cc de color negra, conducida [&hellip;]<\/p>\n","protected":false},"author":4,"featured_media":26677,"comment_status":"open","ping_status":"closed","sticky":false,"template":"","format":"standard","meta":{"om_disable_all_campaigns":false,"_jetpack_memberships_contains_paid_content":false,"footnotes":""},"categories":[2,103],"tags":[],"class_list":["post-37149","post","type-post","status-publish","format-standard","has-post-thumbnail","hentry","category-locales","category-policiales-locales"],"aioseo_notices":[],"gutentor_comment":0,"jetpack_featured_media_url":"https:\/\/eldiariodesanpedro.com.ar\/sitio\/wp-content\/uploads\/2017\/12\/patrullas-policia-noche.jpg","jetpack_shortlink":"https:\/\/wp.me\/p6RhLt-9Fb","jetpack_sharing_enabled":true,"_links":{"self":[{"href":"https:\/\/eldiariodesanpedro.com.ar\/sitio\/wp-json\/wp\/v2\/posts\/37149","targetHints":{"allow":["GET"]}}],"collection":[{"href":"https:\/\/eldiariodesanpedro.com.ar\/sitio\/wp-json\/wp\/v2\/posts"}],"about":[{"href":"https:\/\/eldiariodesanpedro.com.ar\/sitio\/wp-json\/wp\/v2\/types\/post"}],"author":[{"embeddable":true,"href":"https:\/\/eldiariodesanpedro.com.ar\/sitio\/wp-json\/wp\/v2\/users\/4"}],"replies":[{"embeddable":true,"href":"https:\/\/eldiariodesanpedro.com.ar\/sitio\/wp-json\/wp\/v2\/comments?post=37149"}],"version-history":[{"count":1,"href":"https:\/\/eldiariodesanpedro.com.ar\/sitio\/wp-json\/wp\/v2\/posts\/37149\/revisions"}],"predecessor-version":[{"id":37150,"href":"https:\/\/eldiariodesanpedro.com.ar\/sitio\/wp-json\/wp\/v2\/posts\/37149\/revisions\/37150"}],"wp:featuredmedia":[{"embeddable":true,"href":"https:\/\/eldiariodesanpedro.com.ar\/sitio\/wp-json\/wp\/v2\/media\/26677"}],"wp:attachment":[{"href":"https:\/\/eldiariodesanpedro.com.ar\/sitio\/wp-json\/wp\/v2\/media?parent=37149"}],"wp:term":[{"taxonomy":"category","embeddable":true,"href":"https:\/\/eldiariodesanpedro.com.ar\/sitio\/wp-json\/wp\/v2\/categories?post=37149"},{"taxonomy":"post_tag","embeddable":true,"href":"https:\/\/eldiariodesanpedro.com.ar\/sitio\/wp-json\/wp\/v2\/tags?post=37149"}],"curies":[{"name":"wp","href":"https:\/\/api.w.org\/{rel}","templated":true}]}}