{"id":37145,"date":"2018-07-26T10:30:01","date_gmt":"2018-07-26T13:30:01","guid":{"rendered":"https:\/\/eldiariodesanpedro.com.ar\/sitio\/?p=37145"},"modified":"2018-07-26T10:30:01","modified_gmt":"2018-07-26T13:30:01","slug":"una-vecina-preocupada-porque-desconocidos-entran-y-salen-del-predio-de-su-domicilio","status":"publish","type":"post","link":"https:\/\/eldiariodesanpedro.com.ar\/sitio\/una-vecina-preocupada-porque-desconocidos-entran-y-salen-del-predio-de-su-domicilio\/","title":{"rendered":"Una vecina preocupada porque desconocidos entran y salen del predio de su domicilio"},"content":{"rendered":"<p><!-- VideographyWP Plugin Message: Automatic video embedding prevented by plugin options. --><br \/>\nUna ciudadana de 58 a\u00f1os de edad, denunci\u00f3 en esta Dependencia Local, estar muy preocupada porque personas que desconoce, durante varios d\u00edas, entran y salen del predio de su domicilio, sito sobre calle Caseros, aprovechando una escalera externa que est\u00e1 instalada sobre el tapial. El miedo que manifiesta la denunciante ser\u00eda que le usurpen el descampado.<\/p>\n<p>Los desconocidos , ingresaron al predio lindero, sin causar da\u00f1os ni sustraer elementos, egresando momentos despu\u00e9s, investiga el hecho la fiscal\u00eda en turno de san pedro.<\/p>\n","protected":false},"excerpt":{"rendered":"<p>Una ciudadana de 58 a\u00f1os de edad, denunci\u00f3 en esta Dependencia Local, estar muy preocupada porque personas que desconoce, durante varios d\u00edas, entran y salen del predio de su domicilio, sito sobre calle Caseros, aprovechando una escalera externa que est\u00e1 instalada sobre el tapial. El miedo que manifiesta la denunciante ser\u00eda que le usurpen el [&hellip;]<\/p>\n","protected":false},"author":4,"featured_media":13371,"comment_status":"open","ping_status":"closed","sticky":false,"template":"","format":"standard","meta":{"om_disable_all_campaigns":false,"_jetpack_memberships_contains_paid_content":false,"footnotes":""},"categories":[2,103],"tags":[],"class_list":["post-37145","post","type-post","status-publish","format-standard","has-post-thumbnail","hentry","category-locales","category-policiales-locales"],"aioseo_notices":[],"gutentor_comment":0,"jetpack_featured_media_url":"https:\/\/eldiariodesanpedro.com.ar\/sitio\/wp-content\/uploads\/2017\/01\/Patrulla-3-e1485286104708.jpg","jetpack_shortlink":"https:\/\/wp.me\/p6RhLt-9F7","jetpack_sharing_enabled":true,"_links":{"self":[{"href":"https:\/\/eldiariodesanpedro.com.ar\/sitio\/wp-json\/wp\/v2\/posts\/37145","targetHints":{"allow":["GET"]}}],"collection":[{"href":"https:\/\/eldiariodesanpedro.com.ar\/sitio\/wp-json\/wp\/v2\/posts"}],"about":[{"href":"https:\/\/eldiariodesanpedro.com.ar\/sitio\/wp-json\/wp\/v2\/types\/post"}],"author":[{"embeddable":true,"href":"https:\/\/eldiariodesanpedro.com.ar\/sitio\/wp-json\/wp\/v2\/users\/4"}],"replies":[{"embeddable":true,"href":"https:\/\/eldiariodesanpedro.com.ar\/sitio\/wp-json\/wp\/v2\/comments?post=37145"}],"version-history":[{"count":1,"href":"https:\/\/eldiariodesanpedro.com.ar\/sitio\/wp-json\/wp\/v2\/posts\/37145\/revisions"}],"predecessor-version":[{"id":37146,"href":"https:\/\/eldiariodesanpedro.com.ar\/sitio\/wp-json\/wp\/v2\/posts\/37145\/revisions\/37146"}],"wp:featuredmedia":[{"embeddable":true,"href":"https:\/\/eldiariodesanpedro.com.ar\/sitio\/wp-json\/wp\/v2\/media\/13371"}],"wp:attachment":[{"href":"https:\/\/eldiariodesanpedro.com.ar\/sitio\/wp-json\/wp\/v2\/media?parent=37145"}],"wp:term":[{"taxonomy":"category","embeddable":true,"href":"https:\/\/eldiariodesanpedro.com.ar\/sitio\/wp-json\/wp\/v2\/categories?post=37145"},{"taxonomy":"post_tag","embeddable":true,"href":"https:\/\/eldiariodesanpedro.com.ar\/sitio\/wp-json\/wp\/v2\/tags?post=37145"}],"curies":[{"name":"wp","href":"https:\/\/api.w.org\/{rel}","templated":true}]}}