{"id":37136,"date":"2018-07-26T09:32:11","date_gmt":"2018-07-26T12:32:11","guid":{"rendered":"https:\/\/eldiariodesanpedro.com.ar\/sitio\/?p=37136"},"modified":"2018-07-26T09:32:11","modified_gmt":"2018-07-26T12:32:11","slug":"vuelco-de-un-camion-con-soja-sobre-ruta-191-acceso-a-santa-lucia","status":"publish","type":"post","link":"https:\/\/eldiariodesanpedro.com.ar\/sitio\/vuelco-de-un-camion-con-soja-sobre-ruta-191-acceso-a-santa-lucia\/","title":{"rendered":"Vuelco de un cami\u00f3n con soja sobre Ruta 191, acceso a Santa Lucia"},"content":{"rendered":"<p><!-- VideographyWP Plugin Message: Automatic video embedding prevented by plugin options. --><br \/>\nEsta ma\u00f1ana, en el acceso de Santa Luc\u00eda, volc\u00f3 un cami\u00f3n que transportaba soja y toda la carga qued\u00f3 sobre la calzada. El conductor solo sufri\u00f3 heridas de car\u00e1cter leve.<\/p>\n<p>Sobre la Ruta 191, en acceso a Santa Lucia un cami\u00f3n perdi\u00f3 el control y produjo un vuelco sobre la calzada donde toda su carga que llevaba de soja, fue derramada en la misma.<\/p>\n<p>El conductor fue liberado y trasladado en una ambulancia, aunque afortunadamente solo sufri\u00f3 heridas de car\u00e1cter leve. <\/p>\n<p>Maquinarias de la Municipalidad de nuestra ciudad trabajan en el lugar, por lo que el tr\u00e1nsito est\u00e1 interrumpido por el momento. <\/p>\n","protected":false},"excerpt":{"rendered":"<p>Esta ma\u00f1ana, en el acceso de Santa Luc\u00eda, volc\u00f3 un cami\u00f3n que transportaba soja y toda la carga qued\u00f3 sobre la calzada. El conductor solo sufri\u00f3 heridas de car\u00e1cter leve. Sobre la Ruta 191, en acceso a Santa Lucia un cami\u00f3n perdi\u00f3 el control y produjo un vuelco sobre la calzada donde toda su carga [&hellip;]<\/p>\n","protected":false},"author":4,"featured_media":37137,"comment_status":"open","ping_status":"closed","sticky":false,"template":"","format":"standard","meta":{"om_disable_all_campaigns":false,"_jetpack_memberships_contains_paid_content":false,"footnotes":""},"categories":[50,2,103],"tags":[],"class_list":["post-37136","post","type-post","status-publish","format-standard","has-post-thumbnail","hentry","category-destacadas","category-locales","category-policiales-locales"],"aioseo_notices":[],"gutentor_comment":0,"jetpack_featured_media_url":"https:\/\/eldiariodesanpedro.com.ar\/sitio\/wp-content\/uploads\/2018\/07\/WhatsApp-Image-2018-07-26-at-08.39.45-e1532608302531.jpeg","jetpack_shortlink":"https:\/\/wp.me\/p6RhLt-9EY","jetpack_sharing_enabled":true,"_links":{"self":[{"href":"https:\/\/eldiariodesanpedro.com.ar\/sitio\/wp-json\/wp\/v2\/posts\/37136","targetHints":{"allow":["GET"]}}],"collection":[{"href":"https:\/\/eldiariodesanpedro.com.ar\/sitio\/wp-json\/wp\/v2\/posts"}],"about":[{"href":"https:\/\/eldiariodesanpedro.com.ar\/sitio\/wp-json\/wp\/v2\/types\/post"}],"author":[{"embeddable":true,"href":"https:\/\/eldiariodesanpedro.com.ar\/sitio\/wp-json\/wp\/v2\/users\/4"}],"replies":[{"embeddable":true,"href":"https:\/\/eldiariodesanpedro.com.ar\/sitio\/wp-json\/wp\/v2\/comments?post=37136"}],"version-history":[{"count":1,"href":"https:\/\/eldiariodesanpedro.com.ar\/sitio\/wp-json\/wp\/v2\/posts\/37136\/revisions"}],"predecessor-version":[{"id":37138,"href":"https:\/\/eldiariodesanpedro.com.ar\/sitio\/wp-json\/wp\/v2\/posts\/37136\/revisions\/37138"}],"wp:featuredmedia":[{"embeddable":true,"href":"https:\/\/eldiariodesanpedro.com.ar\/sitio\/wp-json\/wp\/v2\/media\/37137"}],"wp:attachment":[{"href":"https:\/\/eldiariodesanpedro.com.ar\/sitio\/wp-json\/wp\/v2\/media?parent=37136"}],"wp:term":[{"taxonomy":"category","embeddable":true,"href":"https:\/\/eldiariodesanpedro.com.ar\/sitio\/wp-json\/wp\/v2\/categories?post=37136"},{"taxonomy":"post_tag","embeddable":true,"href":"https:\/\/eldiariodesanpedro.com.ar\/sitio\/wp-json\/wp\/v2\/tags?post=37136"}],"curies":[{"name":"wp","href":"https:\/\/api.w.org\/{rel}","templated":true}]}}