{"id":37131,"date":"2018-07-26T09:15:28","date_gmt":"2018-07-26T12:15:28","guid":{"rendered":"https:\/\/eldiariodesanpedro.com.ar\/sitio\/?p=37131"},"modified":"2018-07-26T15:37:50","modified_gmt":"2018-07-26T18:37:50","slug":"grave-accidente-un-auto-siguio-de-largo-en-la-curva-de-la-muerte","status":"publish","type":"post","link":"https:\/\/eldiariodesanpedro.com.ar\/sitio\/grave-accidente-un-auto-siguio-de-largo-en-la-curva-de-la-muerte\/","title":{"rendered":"Grave accidente, un auto sigui\u00f3 de largo en la curva de la muerte"},"content":{"rendered":"<p><!-- VideographyWP Plugin Message: Automatic video embedding prevented by plugin options. --><br \/>\nEsta ma\u00f1ana alrededor de las 7:00 hs, un autom\u00f3vil Toyota Corolla sigui\u00f3 de largo en la curva de la muerte y choc\u00f3 contra  una columna de media tensi\u00f3n. El conductor viajaba solo y fue derivado de urgencia por la ambulancia del SAME al nosocomio local.<\/p>\n<p>  La curva de la muerta es una de las curvas m\u00e1s peligrosas que tenemos en San Pedro; ubicada sobre la Ruta 1001 a la altura de Villa Jard\u00edn, si el conductor no la toma a baja velocidad, ,es muy f\u00e1cil perder el control del veh\u00edculo y seguir de largo. Con el agravante que durante todo el recorrido de esa arteria, hay \u00e1rboles y columnas muy cerca de la ruta propiamente dicha.<\/p>\n<p>  Al parecer, el conductor del autom\u00f3vil circulaba a una velocidad considerable y perdi\u00f3 el control, chocando contra una de las columnas de media tensi\u00f3n all\u00ed ubicada.<\/p>\n<p>  Como consecuencia del impacto, el hombre de 55 a\u00f1os qued\u00f3 atrapado dentro del auto y fue liberado por personal de Bomberos quienes confirmaron que el hombre al momento de ser rescatado estaba consciente, pero con mucho dolor. <\/p>\n<p>  R\u00e1pidamente fue trasladado por la ambulancia del SAME al Hospital, seg\u00fan el medico de la Guardia el conductor sufri\u00f3 una herida cortante en la cabeza (frontal izquierdo), traumatismo enc\u00e9falo-craneano sin p\u00e9rdida del conocimiento, contusiones y escoriaciones varias,.<\/p>\n<p>  El tr\u00e1nsito que estaba cortado a ra\u00edz del accidente ya fue liberado, aunque hay que circular con precauci\u00f3n por el lugar. <\/p>\n<p>  Trabajadores de Coopser ya  comenzaron con las tareas de remoci\u00f3n de los cables y reparaci\u00f3n de los da\u00f1os, que afectan a la zona. <\/p>\n","protected":false},"excerpt":{"rendered":"<p>Esta ma\u00f1ana alrededor de las 7:00 hs, un autom\u00f3vil Toyota Corolla sigui\u00f3 de largo en la curva de la muerte y choc\u00f3 contra una columna de media tensi\u00f3n. El conductor viajaba solo y fue derivado de urgencia por la ambulancia del SAME al nosocomio local. La curva de la muerta es una de las curvas [&hellip;]<\/p>\n","protected":false},"author":4,"featured_media":37132,"comment_status":"open","ping_status":"closed","sticky":false,"template":"","format":"standard","meta":{"om_disable_all_campaigns":false,"_jetpack_memberships_contains_paid_content":false,"footnotes":""},"categories":[50,2,103],"tags":[],"class_list":["post-37131","post","type-post","status-publish","format-standard","has-post-thumbnail","hentry","category-destacadas","category-locales","category-policiales-locales"],"aioseo_notices":[],"gutentor_comment":0,"jetpack_featured_media_url":"https:\/\/eldiariodesanpedro.com.ar\/sitio\/wp-content\/uploads\/2018\/07\/WhatsApp-Image-2018-07-26-at-08.25.45.jpeg","jetpack_shortlink":"https:\/\/wp.me\/p6RhLt-9ET","jetpack_sharing_enabled":true,"_links":{"self":[{"href":"https:\/\/eldiariodesanpedro.com.ar\/sitio\/wp-json\/wp\/v2\/posts\/37131","targetHints":{"allow":["GET"]}}],"collection":[{"href":"https:\/\/eldiariodesanpedro.com.ar\/sitio\/wp-json\/wp\/v2\/posts"}],"about":[{"href":"https:\/\/eldiariodesanpedro.com.ar\/sitio\/wp-json\/wp\/v2\/types\/post"}],"author":[{"embeddable":true,"href":"https:\/\/eldiariodesanpedro.com.ar\/sitio\/wp-json\/wp\/v2\/users\/4"}],"replies":[{"embeddable":true,"href":"https:\/\/eldiariodesanpedro.com.ar\/sitio\/wp-json\/wp\/v2\/comments?post=37131"}],"version-history":[{"count":5,"href":"https:\/\/eldiariodesanpedro.com.ar\/sitio\/wp-json\/wp\/v2\/posts\/37131\/revisions"}],"predecessor-version":[{"id":37178,"href":"https:\/\/eldiariodesanpedro.com.ar\/sitio\/wp-json\/wp\/v2\/posts\/37131\/revisions\/37178"}],"wp:featuredmedia":[{"embeddable":true,"href":"https:\/\/eldiariodesanpedro.com.ar\/sitio\/wp-json\/wp\/v2\/media\/37132"}],"wp:attachment":[{"href":"https:\/\/eldiariodesanpedro.com.ar\/sitio\/wp-json\/wp\/v2\/media?parent=37131"}],"wp:term":[{"taxonomy":"category","embeddable":true,"href":"https:\/\/eldiariodesanpedro.com.ar\/sitio\/wp-json\/wp\/v2\/categories?post=37131"},{"taxonomy":"post_tag","embeddable":true,"href":"https:\/\/eldiariodesanpedro.com.ar\/sitio\/wp-json\/wp\/v2\/tags?post=37131"}],"curies":[{"name":"wp","href":"https:\/\/api.w.org\/{rel}","templated":true}]}}