{"id":37125,"date":"2018-07-25T20:36:41","date_gmt":"2018-07-25T23:36:41","guid":{"rendered":"https:\/\/eldiariodesanpedro.com.ar\/sitio\/?p=37125"},"modified":"2018-07-25T20:36:41","modified_gmt":"2018-07-25T23:36:41","slug":"confirmado-en-enero-habra-fiesta-del-durazno","status":"publish","type":"post","link":"https:\/\/eldiariodesanpedro.com.ar\/sitio\/confirmado-en-enero-habra-fiesta-del-durazno\/","title":{"rendered":"Confirmado: En enero habr\u00e1 Fiesta del Durazno"},"content":{"rendered":"<p><!-- VideographyWP Plugin Message: Automatic video embedding prevented by plugin options. --><br \/>\nEl Intendente Salazar lo anunci\u00f3 durante el desarrollo de la Fiesta de la Naranja. Ser\u00e1 el 19 y 20 de enero en la cancha de Agricultores Club de Gobernador Castro.<\/p>\n<p>  Despu\u00e9s de cinco a\u00f1os sin realizarse en enero de 2019 vuelve la Fiesta del Durazno en el partido de San Pedro.<br \/>\n  Gobernador Castro ser\u00e1 nuevamente la sede de la tradicional celebraci\u00f3n que fue el gran atractivo de la provincia durante varios a\u00f1os hasta definitivamente desaparecer en el 2013 que fue cuando se desarroll\u00f3 la \u00faltima edici\u00f3n.<\/p>\n<p>  El Intendente Municipal Cecilio Salazar y la Directora de Turismo Marcela Cu\u00f1er fueron los encargados de anunciarlo y ratificarlo mientras se desarrollaba la exitosa Fiesta de la Naranja de Ombligo.<br \/>\n  El jefe comunal dijo que ya se iniciaron las charlas con las autoridades de Agricultores Club porque la intenci\u00f3n es que se realiza en el predio que la instituci\u00f3n cuenta y donde a\u00fan perdura el escenario y los vestuarios utilizados durante los a\u00f1os en que brill\u00f3 la fiesta.<br \/>\n  La Fiesta del Durazno 2019 se realizar\u00e1 los d\u00edas 19 y 20 de enero y se busca contar con una grilla de espect\u00e1culos de primer nivel adem\u00e1s de los stands institucionales y de artesanos que ser\u00e1n parte tambi\u00e9n de la fiesta.<\/p>\n<p>Lo importante de todo es que la decisi\u00f3n de que Gobernador Castro vuelva a tener la Fiesta del Durazno est\u00e1 tomada y desde ahora comienza la cuenta regresiva para su organizaci\u00f3n y el regreso de un gran acontecimiento.<br \/>\n  La \u00faltima edici\u00f3n de la Fiesta del Durazno se realiz\u00f3 el 17 de marzo de 2013 luego de varias postergaciones por cuestiones clim\u00e1tica. El cierre de ese d\u00eda estuvo a cargo del grupo chamamecero Los Alonsitos que terminaron reemplazando a Los Tekis que era el primer grupo anunciado pero que por cuestiones de agenda no pudieron estar.<br \/>\n  Esta Fiesta tuvo su origen en enero de 1991 cuando dirigentes y productores se agruparon para posicionar a la celebraci\u00f3n como una de las m\u00e1s importantes de la provincia contando sobre el escenario con la presencia de los artistas m\u00e1s taquilleros de ese momento.  <\/p>\n<p>Foto: Marcela Di Rosa Fuente: San Pedro Informa <\/p>\n","protected":false},"excerpt":{"rendered":"<p>El Intendente Salazar lo anunci\u00f3 durante el desarrollo de la Fiesta de la Naranja. Ser\u00e1 el 19 y 20 de enero en la cancha de Agricultores Club de Gobernador Castro. Despu\u00e9s de cinco a\u00f1os sin realizarse en enero de 2019 vuelve la Fiesta del Durazno en el partido de San Pedro. Gobernador Castro ser\u00e1 nuevamente [&hellip;]<\/p>\n","protected":false},"author":4,"featured_media":37126,"comment_status":"open","ping_status":"closed","sticky":false,"template":"","format":"standard","meta":{"om_disable_all_campaigns":false,"_jetpack_memberships_contains_paid_content":false,"footnotes":""},"categories":[101,2],"tags":[],"class_list":["post-37125","post","type-post","status-publish","format-standard","has-post-thumbnail","hentry","category-interes-general-locales","category-locales"],"aioseo_notices":[],"gutentor_comment":0,"jetpack_featured_media_url":"https:\/\/eldiariodesanpedro.com.ar\/sitio\/wp-content\/uploads\/2018\/07\/Fiesta-del-Durazno-en-Gobernador-Castro.jpg","jetpack_shortlink":"https:\/\/wp.me\/p6RhLt-9EN","jetpack_sharing_enabled":true,"_links":{"self":[{"href":"https:\/\/eldiariodesanpedro.com.ar\/sitio\/wp-json\/wp\/v2\/posts\/37125","targetHints":{"allow":["GET"]}}],"collection":[{"href":"https:\/\/eldiariodesanpedro.com.ar\/sitio\/wp-json\/wp\/v2\/posts"}],"about":[{"href":"https:\/\/eldiariodesanpedro.com.ar\/sitio\/wp-json\/wp\/v2\/types\/post"}],"author":[{"embeddable":true,"href":"https:\/\/eldiariodesanpedro.com.ar\/sitio\/wp-json\/wp\/v2\/users\/4"}],"replies":[{"embeddable":true,"href":"https:\/\/eldiariodesanpedro.com.ar\/sitio\/wp-json\/wp\/v2\/comments?post=37125"}],"version-history":[{"count":1,"href":"https:\/\/eldiariodesanpedro.com.ar\/sitio\/wp-json\/wp\/v2\/posts\/37125\/revisions"}],"predecessor-version":[{"id":37128,"href":"https:\/\/eldiariodesanpedro.com.ar\/sitio\/wp-json\/wp\/v2\/posts\/37125\/revisions\/37128"}],"wp:featuredmedia":[{"embeddable":true,"href":"https:\/\/eldiariodesanpedro.com.ar\/sitio\/wp-json\/wp\/v2\/media\/37126"}],"wp:attachment":[{"href":"https:\/\/eldiariodesanpedro.com.ar\/sitio\/wp-json\/wp\/v2\/media?parent=37125"}],"wp:term":[{"taxonomy":"category","embeddable":true,"href":"https:\/\/eldiariodesanpedro.com.ar\/sitio\/wp-json\/wp\/v2\/categories?post=37125"},{"taxonomy":"post_tag","embeddable":true,"href":"https:\/\/eldiariodesanpedro.com.ar\/sitio\/wp-json\/wp\/v2\/tags?post=37125"}],"curies":[{"name":"wp","href":"https:\/\/api.w.org\/{rel}","templated":true}]}}