{"id":37122,"date":"2018-07-25T20:32:22","date_gmt":"2018-07-25T23:32:22","guid":{"rendered":"https:\/\/eldiariodesanpedro.com.ar\/sitio\/?p=37122"},"modified":"2018-07-25T20:32:22","modified_gmt":"2018-07-25T23:32:22","slug":"la-matera-de-la-uatre-recibio-la-visita-de-marcos-pena-y-cecilio-salazar","status":"publish","type":"post","link":"https:\/\/eldiariodesanpedro.com.ar\/sitio\/la-matera-de-la-uatre-recibio-la-visita-de-marcos-pena-y-cecilio-salazar\/","title":{"rendered":"La matera de la UATRE recibi\u00f3 la visita de Marcos Pe\u00f1a y Cecilio Salazar"},"content":{"rendered":"<p><!-- VideographyWP Plugin Message: Automatic video embedding prevented by plugin options. --><br \/>\nEl Jefe de Gabinete, Marcos Pe\u00f1a, visit\u00f3 hoy la matera de la Uatre en donde el Secretario General del gremio de los trabajadores rurales Ram\u00f3n Ayala lo recibi\u00f3 y agradeci\u00f3 por su presencia.<br \/>\nEstuvieron junto a \u00e9l Pablo Ansaloni, Diputado por Cambiemos y dirigente de la Uatre, Luis Miguel Etchevehere, Ministro de Agroindustria, Daniel Pelegrina &#8211; presidente de la Sociedad Rural, Cecilio Salazar -Intendente de San Pedro. <\/p>\n<p>  Ayala, como primordial anfitri\u00f3n, afirm\u00f3 que \u00abel trabajador rural y el campo son fundamentales para el desarrollo y creciendo del pa\u00eds\u00bb, mientras que Pelegrina destac\u00f3: \u00abvaloramos el esfuerzo que d\u00eda a d\u00eda hace la gente del sector del agro\u00bb.<\/p>\n<p>  \u00abNuestro principal deseo es que haya empleo para que haya arraigo. Queremos que todos los argentinos cumplan sus sue\u00f1os en su pa\u00eds\u00bb, destac\u00f3 Etchevehere.<\/p>\n<p>  \u00abFelicitamos a Uatre por todo lo que hace en cada rinc\u00f3n del pa\u00eds y su lucha constante por el trabajador rural. Trabajamos juntos por un pa\u00eds federal en donde exista el trabajo y la oportunidad, y eso se puede hacer de la mano del campo\u00bb, manifest\u00f3 el jefe de gabinete. <\/p>\n<p>  El recorrido continu\u00f3 por la exposici\u00f3n, visitando sector de lecher\u00eda, y finaliz\u00f3 en el stand de agroindustria en donde se brind\u00f3 un encuentro con los medios. <\/p>\n<p>  La UATRE est\u00e1 presente con \u00abLa Matera\u00bb, su tradicional escenario criollo que reivindica la cultura y la historia de los trabajadores rurales y del pueblo, rescatando los valores de la tradici\u00f3n, el folklore y la identidad nacional.<\/p>\n","protected":false},"excerpt":{"rendered":"<p>El Jefe de Gabinete, Marcos Pe\u00f1a, visit\u00f3 hoy la matera de la Uatre en donde el Secretario General del gremio de los trabajadores rurales Ram\u00f3n Ayala lo recibi\u00f3 y agradeci\u00f3 por su presencia. Estuvieron junto a \u00e9l Pablo Ansaloni, Diputado por Cambiemos y dirigente de la Uatre, Luis Miguel Etchevehere, Ministro de Agroindustria, Daniel Pelegrina [&hellip;]<\/p>\n","protected":false},"author":4,"featured_media":37123,"comment_status":"open","ping_status":"closed","sticky":false,"template":"","format":"standard","meta":{"om_disable_all_campaigns":false,"_jetpack_memberships_contains_paid_content":false,"footnotes":""},"categories":[2,102],"tags":[],"class_list":["post-37122","post","type-post","status-publish","format-standard","has-post-thumbnail","hentry","category-locales","category-politica-locales"],"aioseo_notices":[],"gutentor_comment":0,"jetpack_featured_media_url":"https:\/\/eldiariodesanpedro.com.ar\/sitio\/wp-content\/uploads\/2018\/07\/El-Jefe-de-Gabinete-Marcos-Pe\u00f1a-en-la-matera-de-la-Uatre-.jpg","jetpack_shortlink":"https:\/\/wp.me\/p6RhLt-9EK","jetpack_sharing_enabled":true,"_links":{"self":[{"href":"https:\/\/eldiariodesanpedro.com.ar\/sitio\/wp-json\/wp\/v2\/posts\/37122","targetHints":{"allow":["GET"]}}],"collection":[{"href":"https:\/\/eldiariodesanpedro.com.ar\/sitio\/wp-json\/wp\/v2\/posts"}],"about":[{"href":"https:\/\/eldiariodesanpedro.com.ar\/sitio\/wp-json\/wp\/v2\/types\/post"}],"author":[{"embeddable":true,"href":"https:\/\/eldiariodesanpedro.com.ar\/sitio\/wp-json\/wp\/v2\/users\/4"}],"replies":[{"embeddable":true,"href":"https:\/\/eldiariodesanpedro.com.ar\/sitio\/wp-json\/wp\/v2\/comments?post=37122"}],"version-history":[{"count":1,"href":"https:\/\/eldiariodesanpedro.com.ar\/sitio\/wp-json\/wp\/v2\/posts\/37122\/revisions"}],"predecessor-version":[{"id":37124,"href":"https:\/\/eldiariodesanpedro.com.ar\/sitio\/wp-json\/wp\/v2\/posts\/37122\/revisions\/37124"}],"wp:featuredmedia":[{"embeddable":true,"href":"https:\/\/eldiariodesanpedro.com.ar\/sitio\/wp-json\/wp\/v2\/media\/37123"}],"wp:attachment":[{"href":"https:\/\/eldiariodesanpedro.com.ar\/sitio\/wp-json\/wp\/v2\/media?parent=37122"}],"wp:term":[{"taxonomy":"category","embeddable":true,"href":"https:\/\/eldiariodesanpedro.com.ar\/sitio\/wp-json\/wp\/v2\/categories?post=37122"},{"taxonomy":"post_tag","embeddable":true,"href":"https:\/\/eldiariodesanpedro.com.ar\/sitio\/wp-json\/wp\/v2\/tags?post=37122"}],"curies":[{"name":"wp","href":"https:\/\/api.w.org\/{rel}","templated":true}]}}