{"id":37116,"date":"2018-07-25T20:23:06","date_gmt":"2018-07-25T23:23:06","guid":{"rendered":"https:\/\/eldiariodesanpedro.com.ar\/sitio\/?p=37116"},"modified":"2026-01-23T23:51:29","modified_gmt":"2026-01-24T02:51:29","slug":"automovilismo-junior-y-un-finde-para-el-olvido","status":"publish","type":"post","link":"https:\/\/eldiariodesanpedro.com.ar\/sitio\/automovilismo-junior-y-un-finde-para-el-olvido\/","title":{"rendered":"AUTOMOVILISMO: Junior y un finde para el olvido"},"content":{"rendered":"<p><!-- VideographyWP Plugin Message: Automatic video embedding prevented by plugin options. --><br \/>\n  Lucas Granja, el piloto del Quilmes Plas Racing, se qued\u00f3 con la novena fecha del a\u00f1o del TC Pista Mouras, en La Plata. Diego Mart\u00ednez y Lucas Carabajal, ambos con Dodge, completaron el podio.<\/p>\n<p>  En la primera vuelta, Marcelo Videle y Junior Solmi se despistaron, a la par de que lo mismo suced\u00eda con Di Palma y Passarino, en otro sector de la pista. Esas incidencias derivaron en el ingreso del auto de seguridad para neutralizar la prueba.<br \/>\n  El relanzamiento fue muy tranquilo para Granja, el piloto del Quilmes Plas Racing que larg\u00f3 primero y r\u00e1pidamente volvi\u00f3 a estirar la diferencia respecto de su inmediato perseguidor, Diego Mart\u00ednez.<br \/>\n  Fue tan bueno el rendimiento del puntero del campeonato que, en las primeras cinco vueltas, hab\u00eda marcado dos veces consecutivas el r\u00e9cord de vuelta.<br \/>\n  La principal pelea se focaliz\u00f3 por el tercer puesto: Carabajal, con la Dodge del Bruno Motor Sport, se defendi\u00f3 constantemente de los intentos de sobrepaso de Hern\u00e1ndez, el entrerriano del Gur\u00ed Mart\u00ednez Competici\u00f3n, quien dej\u00f3 todo en la pista, pero nunca pudo dar cuenta del chaque\u00f1o.<br \/>\n  En el d\u00e9cimo segundo giro, cuando la diferencia entre Granja y Mart\u00ednez era superior a los cinco segundos, ingres\u00f3 el segundo auto de seguridad de la carrera por el abandono del Chevrolet de Diego Picco.<br \/>\n  En el relanzamiento, Granja movi\u00f3 bien y nuevamente se erigi\u00f3 como el mejor. Gaita, el representante del JP Carrera, sufri\u00f3 un toque con Passarino y ambos quedaron a un costado en la chicana. A su vez, Jos\u00e9 Rasuk, el pergaminense de Las Toscas Racing perdi\u00f3 rendimiento y cay\u00f3 en el clasificador hasta el d\u00e9cimo octavo puesto.<br \/>\n  Granja confirm\u00f3 la teor\u00eda de su candidatura al t\u00edtulo: con autoridad se impuso en la fecha previa a la definici\u00f3n de la etapa regular, sum\u00f3 su tercer triunfo en el a\u00f1o y demostr\u00f3 que es el hombre a batir.<br \/>\n  El piloto de San Pedro ocupa la 15\u00b0 posici\u00f3n en el campeonato con 167 puntos. \u201cFin de semana para el olvido\u201d public\u00f3 en Facebook.<\/p>\n","protected":false},"excerpt":{"rendered":"<p>Lucas Granja, el piloto del Quilmes Plas Racing, se qued\u00f3 con la novena fecha del a\u00f1o del TC Pista Mouras, en La Plata. Diego Mart\u00ednez y Lucas Carabajal, ambos con Dodge, completaron el podio. En la primera vuelta, Marcelo Videle y Junior Solmi se despistaron, a la par de que lo mismo suced\u00eda con Di [&hellip;]<\/p>\n","protected":false},"author":4,"featured_media":28906,"comment_status":"open","ping_status":"closed","sticky":false,"template":"","format":"standard","meta":{"om_disable_all_campaigns":false,"_jetpack_memberships_contains_paid_content":false,"footnotes":""},"categories":[5],"tags":[],"class_list":["post-37116","post","type-post","status-publish","format-standard","has-post-thumbnail","hentry","category-deportes"],"aioseo_notices":[],"gutentor_comment":0,"jetpack_featured_media_url":"https:\/\/eldiariodesanpedro.com.ar\/sitio\/wp-content\/uploads\/2018\/02\/Junior-Solmi-y-su-nuevo-auto.jpg","jetpack_shortlink":"https:\/\/wp.me\/p6RhLt-9EE","jetpack_sharing_enabled":true,"_links":{"self":[{"href":"https:\/\/eldiariodesanpedro.com.ar\/sitio\/wp-json\/wp\/v2\/posts\/37116","targetHints":{"allow":["GET"]}}],"collection":[{"href":"https:\/\/eldiariodesanpedro.com.ar\/sitio\/wp-json\/wp\/v2\/posts"}],"about":[{"href":"https:\/\/eldiariodesanpedro.com.ar\/sitio\/wp-json\/wp\/v2\/types\/post"}],"author":[{"embeddable":true,"href":"https:\/\/eldiariodesanpedro.com.ar\/sitio\/wp-json\/wp\/v2\/users\/4"}],"replies":[{"embeddable":true,"href":"https:\/\/eldiariodesanpedro.com.ar\/sitio\/wp-json\/wp\/v2\/comments?post=37116"}],"version-history":[{"count":2,"href":"https:\/\/eldiariodesanpedro.com.ar\/sitio\/wp-json\/wp\/v2\/posts\/37116\/revisions"}],"predecessor-version":[{"id":37121,"href":"https:\/\/eldiariodesanpedro.com.ar\/sitio\/wp-json\/wp\/v2\/posts\/37116\/revisions\/37121"}],"wp:featuredmedia":[{"embeddable":true,"href":"https:\/\/eldiariodesanpedro.com.ar\/sitio\/wp-json\/wp\/v2\/media\/28906"}],"wp:attachment":[{"href":"https:\/\/eldiariodesanpedro.com.ar\/sitio\/wp-json\/wp\/v2\/media?parent=37116"}],"wp:term":[{"taxonomy":"category","embeddable":true,"href":"https:\/\/eldiariodesanpedro.com.ar\/sitio\/wp-json\/wp\/v2\/categories?post=37116"},{"taxonomy":"post_tag","embeddable":true,"href":"https:\/\/eldiariodesanpedro.com.ar\/sitio\/wp-json\/wp\/v2\/tags?post=37116"}],"curies":[{"name":"wp","href":"https:\/\/api.w.org\/{rel}","templated":true}]}}