{"id":37115,"date":"2018-07-25T20:22:49","date_gmt":"2018-07-25T23:22:49","guid":{"rendered":"https:\/\/eldiariodesanpedro.com.ar\/sitio\/?p=37115"},"modified":"2026-01-23T23:51:29","modified_gmt":"2026-01-24T02:51:29","slug":"goleadores-del-apertura-jonathan-cerruti-el-maximo-anotador-en-primera-division","status":"publish","type":"post","link":"https:\/\/eldiariodesanpedro.com.ar\/sitio\/goleadores-del-apertura-jonathan-cerruti-el-maximo-anotador-en-primera-division\/","title":{"rendered":"GOLEADORES DEL APERTURA: Jonathan Cerruti el m\u00e1ximo anotador en primera divisi\u00f3n"},"content":{"rendered":"<p><!-- VideographyWP Plugin Message: Automatic video embedding prevented by plugin options. --><br \/>\n  Finalizado el certamen inicial de 2018, todos los goleadores de primera a quinta divisi\u00f3n son los siguientes:<br \/>\n  Mirko Zapata fue el mayor goleador del Apertura sumadas todas las divisiones, conquist\u00f3 20 goles, uno m\u00e1s que Juli\u00e1n Botheatoz (Sportivo) en quinta divisi\u00f3n.<\/p>\n<p>  Siarra Mor\u00e1n (Paran\u00e1) hizo 17 tantos en tercera, Jonathan Cerruti del mismo club con 15 en primera (segundo fue Marcelo Rodr\u00edguez de Mitre, 13 para las planillas de la liga, 14 para nosotros).<\/p>\n<p>Primera: Jonathan CERRUTI (Paran\u00e1 FC)<br \/>\nSub 21: Ezequiel CHAPARRO (D. Unidos) y<br \/>\nFrancisco CORT\u00c9S (La Esperanza)<br \/>\nTercera: Marcelo Barrios (Paran\u00e1 FC)<br \/>\nCuarta: Facundo Siarra Mor\u00e1n (Paran\u00e1 FC)<br \/>\nQuinta: Mirko Zapata (Paran\u00e1 FC)<\/p>\n","protected":false},"excerpt":{"rendered":"<p>Finalizado el certamen inicial de 2018, todos los goleadores de primera a quinta divisi\u00f3n son los siguientes: Mirko Zapata fue el mayor goleador del Apertura sumadas todas las divisiones, conquist\u00f3 20 goles, uno m\u00e1s que Juli\u00e1n Botheatoz (Sportivo) en quinta divisi\u00f3n. Siarra Mor\u00e1n (Paran\u00e1) hizo 17 tantos en tercera, Jonathan Cerruti del mismo club con [&hellip;]<\/p>\n","protected":false},"author":4,"featured_media":37120,"comment_status":"open","ping_status":"closed","sticky":false,"template":"","format":"standard","meta":{"om_disable_all_campaigns":false,"_jetpack_memberships_contains_paid_content":false,"footnotes":""},"categories":[5],"tags":[],"class_list":["post-37115","post","type-post","status-publish","format-standard","has-post-thumbnail","hentry","category-deportes"],"aioseo_notices":[],"gutentor_comment":0,"jetpack_featured_media_url":"https:\/\/eldiariodesanpedro.com.ar\/sitio\/wp-content\/uploads\/2018\/07\/Jonathan-Cerruti-el-m\u00e1ximo-anotador-en-primera-divisi\u00f3n-1.jpg","jetpack_shortlink":"https:\/\/wp.me\/p6RhLt-9ED","jetpack_sharing_enabled":true,"_links":{"self":[{"href":"https:\/\/eldiariodesanpedro.com.ar\/sitio\/wp-json\/wp\/v2\/posts\/37115","targetHints":{"allow":["GET"]}}],"collection":[{"href":"https:\/\/eldiariodesanpedro.com.ar\/sitio\/wp-json\/wp\/v2\/posts"}],"about":[{"href":"https:\/\/eldiariodesanpedro.com.ar\/sitio\/wp-json\/wp\/v2\/types\/post"}],"author":[{"embeddable":true,"href":"https:\/\/eldiariodesanpedro.com.ar\/sitio\/wp-json\/wp\/v2\/users\/4"}],"replies":[{"embeddable":true,"href":"https:\/\/eldiariodesanpedro.com.ar\/sitio\/wp-json\/wp\/v2\/comments?post=37115"}],"version-history":[{"count":1,"href":"https:\/\/eldiariodesanpedro.com.ar\/sitio\/wp-json\/wp\/v2\/posts\/37115\/revisions"}],"predecessor-version":[{"id":37118,"href":"https:\/\/eldiariodesanpedro.com.ar\/sitio\/wp-json\/wp\/v2\/posts\/37115\/revisions\/37118"}],"wp:featuredmedia":[{"embeddable":true,"href":"https:\/\/eldiariodesanpedro.com.ar\/sitio\/wp-json\/wp\/v2\/media\/37120"}],"wp:attachment":[{"href":"https:\/\/eldiariodesanpedro.com.ar\/sitio\/wp-json\/wp\/v2\/media?parent=37115"}],"wp:term":[{"taxonomy":"category","embeddable":true,"href":"https:\/\/eldiariodesanpedro.com.ar\/sitio\/wp-json\/wp\/v2\/categories?post=37115"},{"taxonomy":"post_tag","embeddable":true,"href":"https:\/\/eldiariodesanpedro.com.ar\/sitio\/wp-json\/wp\/v2\/tags?post=37115"}],"curies":[{"name":"wp","href":"https:\/\/api.w.org\/{rel}","templated":true}]}}