{"id":37109,"date":"2018-07-25T20:00:36","date_gmt":"2018-07-25T23:00:36","guid":{"rendered":"https:\/\/eldiariodesanpedro.com.ar\/sitio\/?p=37109"},"modified":"2026-01-23T23:51:30","modified_gmt":"2026-01-24T02:51:30","slug":"ciclismo-francisco-chipolini-tercero-en-festival-de-lomas","status":"publish","type":"post","link":"https:\/\/eldiariodesanpedro.com.ar\/sitio\/ciclismo-francisco-chipolini-tercero-en-festival-de-lomas\/","title":{"rendered":"CICLISMO: Francisco Chipolini tercero en festival de Lomas"},"content":{"rendered":"<p><!-- VideographyWP Plugin Message: Automatic video embedding prevented by plugin options. --><br \/>\nEn el \u201cCircuito Municipal del Parque Eva Per\u00f3n\u201d de Lomas de Zamora, hubo actividad con organizaci\u00f3n del Club Ciclista Lomense y fiscalizaci\u00f3n de ACINPROBA.<\/p>\n<p>  Excelente fin de semana para Gabriel Richard el hombre del Shania, gan\u00f3 el s\u00e1bado en Lan\u00fas y domingo se llev\u00f3 los laureles del triunfo en Lomas, el escolta fue el pampeano del SEP Juli\u00e1n Barrientos y el tercero el debut en Elite y Sub 23 del pibe de San Pedro e integrante del SAT Francisco Chipolini.<\/p>\n<p><strong>Elite y Sub 23<\/strong><br \/>\n1\u00b0 Gabriel Richard (Lomas de Zamora \u2013 Shania)<br \/>\n2\u00b0 Juli\u00e1n Barrientos (La Pampa \u2013 SEP)<br \/>\n3\u00b0 Francisco Chipolini (San Pedro \u2013 SAT)<br \/>\n4\u00b0 Nicol\u00e1s Anauati (Municipalidad de Ezeiza)<br \/>\n5\u00b0 Gabriel Argento (Pergamino \u2013 Expo Ladrillos Luj\u00e1n)<br \/>\nFoto 1 26-07-18: Fran en el podio <\/p>\n","protected":false},"excerpt":{"rendered":"<p>En el \u201cCircuito Municipal del Parque Eva Per\u00f3n\u201d de Lomas de Zamora, hubo actividad con organizaci\u00f3n del Club Ciclista Lomense y fiscalizaci\u00f3n de ACINPROBA. Excelente fin de semana para Gabriel Richard el hombre del Shania, gan\u00f3 el s\u00e1bado en Lan\u00fas y domingo se llev\u00f3 los laureles del triunfo en Lomas, el escolta fue el pampeano [&hellip;]<\/p>\n","protected":false},"author":4,"featured_media":37111,"comment_status":"open","ping_status":"closed","sticky":false,"template":"","format":"standard","meta":{"om_disable_all_campaigns":false,"_jetpack_memberships_contains_paid_content":false,"footnotes":""},"categories":[5],"tags":[],"class_list":["post-37109","post","type-post","status-publish","format-standard","has-post-thumbnail","hentry","category-deportes"],"aioseo_notices":[],"gutentor_comment":0,"jetpack_featured_media_url":"https:\/\/eldiariodesanpedro.com.ar\/sitio\/wp-content\/uploads\/2018\/07\/Francisco-Chipolini-tercero-en-festival-de-Lomas.jpeg","jetpack_shortlink":"https:\/\/wp.me\/p6RhLt-9Ex","jetpack_sharing_enabled":true,"_links":{"self":[{"href":"https:\/\/eldiariodesanpedro.com.ar\/sitio\/wp-json\/wp\/v2\/posts\/37109","targetHints":{"allow":["GET"]}}],"collection":[{"href":"https:\/\/eldiariodesanpedro.com.ar\/sitio\/wp-json\/wp\/v2\/posts"}],"about":[{"href":"https:\/\/eldiariodesanpedro.com.ar\/sitio\/wp-json\/wp\/v2\/types\/post"}],"author":[{"embeddable":true,"href":"https:\/\/eldiariodesanpedro.com.ar\/sitio\/wp-json\/wp\/v2\/users\/4"}],"replies":[{"embeddable":true,"href":"https:\/\/eldiariodesanpedro.com.ar\/sitio\/wp-json\/wp\/v2\/comments?post=37109"}],"version-history":[{"count":1,"href":"https:\/\/eldiariodesanpedro.com.ar\/sitio\/wp-json\/wp\/v2\/posts\/37109\/revisions"}],"predecessor-version":[{"id":37112,"href":"https:\/\/eldiariodesanpedro.com.ar\/sitio\/wp-json\/wp\/v2\/posts\/37109\/revisions\/37112"}],"wp:featuredmedia":[{"embeddable":true,"href":"https:\/\/eldiariodesanpedro.com.ar\/sitio\/wp-json\/wp\/v2\/media\/37111"}],"wp:attachment":[{"href":"https:\/\/eldiariodesanpedro.com.ar\/sitio\/wp-json\/wp\/v2\/media?parent=37109"}],"wp:term":[{"taxonomy":"category","embeddable":true,"href":"https:\/\/eldiariodesanpedro.com.ar\/sitio\/wp-json\/wp\/v2\/categories?post=37109"},{"taxonomy":"post_tag","embeddable":true,"href":"https:\/\/eldiariodesanpedro.com.ar\/sitio\/wp-json\/wp\/v2\/tags?post=37109"}],"curies":[{"name":"wp","href":"https:\/\/api.w.org\/{rel}","templated":true}]}}