{"id":37103,"date":"2018-07-25T19:55:55","date_gmt":"2018-07-25T22:55:55","guid":{"rendered":"https:\/\/eldiariodesanpedro.com.ar\/sitio\/?p=37103"},"modified":"2026-01-23T23:51:30","modified_gmt":"2026-01-24T02:51:30","slug":"mini-basquet-nautico-prepara-encuentro-masivo","status":"publish","type":"post","link":"https:\/\/eldiariodesanpedro.com.ar\/sitio\/mini-basquet-nautico-prepara-encuentro-masivo\/","title":{"rendered":"MINI B\u00c1SQUET: N\u00e1utico prepara encuentro masivo"},"content":{"rendered":"<p><!-- VideographyWP Plugin Message: Automatic video embedding prevented by plugin options. --><br \/>\nYa comienza a palpitarse una nueva edici\u00f3n del Encuentro de Mini B\u00e1squet que organiza la Subcomisi\u00f3n. Este a\u00f1o en homenaje a Horacio Delprino, Capit\u00e1n del Club fallecido el a\u00f1o pasado e incansable colaborador de este deporte, el campeonato ser\u00e1 en su homenaje.<br \/>\n  Se espera como todos los a\u00f1os la presencia de clubes de diferentes puntos del pa\u00eds que ya se est\u00e1n inscribiendo.<\/p>\n","protected":false},"excerpt":{"rendered":"<p>Ya comienza a palpitarse una nueva edici\u00f3n del Encuentro de Mini B\u00e1squet que organiza la Subcomisi\u00f3n. Este a\u00f1o en homenaje a Horacio Delprino, Capit\u00e1n del Club fallecido el a\u00f1o pasado e incansable colaborador de este deporte, el campeonato ser\u00e1 en su homenaje. Se espera como todos los a\u00f1os la presencia de clubes de diferentes puntos [&hellip;]<\/p>\n","protected":false},"author":4,"featured_media":35976,"comment_status":"open","ping_status":"closed","sticky":false,"template":"","format":"standard","meta":{"om_disable_all_campaigns":false,"_jetpack_memberships_contains_paid_content":false,"footnotes":""},"categories":[5],"tags":[],"class_list":["post-37103","post","type-post","status-publish","format-standard","has-post-thumbnail","hentry","category-deportes"],"aioseo_notices":[],"gutentor_comment":0,"jetpack_featured_media_url":"https:\/\/eldiariodesanpedro.com.ar\/sitio\/wp-content\/uploads\/2018\/07\/basquet-2.jpg","jetpack_shortlink":"https:\/\/wp.me\/p6RhLt-9Er","jetpack_sharing_enabled":true,"_links":{"self":[{"href":"https:\/\/eldiariodesanpedro.com.ar\/sitio\/wp-json\/wp\/v2\/posts\/37103","targetHints":{"allow":["GET"]}}],"collection":[{"href":"https:\/\/eldiariodesanpedro.com.ar\/sitio\/wp-json\/wp\/v2\/posts"}],"about":[{"href":"https:\/\/eldiariodesanpedro.com.ar\/sitio\/wp-json\/wp\/v2\/types\/post"}],"author":[{"embeddable":true,"href":"https:\/\/eldiariodesanpedro.com.ar\/sitio\/wp-json\/wp\/v2\/users\/4"}],"replies":[{"embeddable":true,"href":"https:\/\/eldiariodesanpedro.com.ar\/sitio\/wp-json\/wp\/v2\/comments?post=37103"}],"version-history":[{"count":2,"href":"https:\/\/eldiariodesanpedro.com.ar\/sitio\/wp-json\/wp\/v2\/posts\/37103\/revisions"}],"predecessor-version":[{"id":37107,"href":"https:\/\/eldiariodesanpedro.com.ar\/sitio\/wp-json\/wp\/v2\/posts\/37103\/revisions\/37107"}],"wp:featuredmedia":[{"embeddable":true,"href":"https:\/\/eldiariodesanpedro.com.ar\/sitio\/wp-json\/wp\/v2\/media\/35976"}],"wp:attachment":[{"href":"https:\/\/eldiariodesanpedro.com.ar\/sitio\/wp-json\/wp\/v2\/media?parent=37103"}],"wp:term":[{"taxonomy":"category","embeddable":true,"href":"https:\/\/eldiariodesanpedro.com.ar\/sitio\/wp-json\/wp\/v2\/categories?post=37103"},{"taxonomy":"post_tag","embeddable":true,"href":"https:\/\/eldiariodesanpedro.com.ar\/sitio\/wp-json\/wp\/v2\/tags?post=37103"}],"curies":[{"name":"wp","href":"https:\/\/api.w.org\/{rel}","templated":true}]}}