{"id":37099,"date":"2018-07-25T12:49:32","date_gmt":"2018-07-25T15:49:32","guid":{"rendered":"https:\/\/eldiariodesanpedro.com.ar\/sitio\/?p=37099"},"modified":"2018-07-25T12:49:32","modified_gmt":"2018-07-25T15:49:32","slug":"111o-aniversario-de-san-pedro-ciudad","status":"publish","type":"post","link":"https:\/\/eldiariodesanpedro.com.ar\/sitio\/111o-aniversario-de-san-pedro-ciudad\/","title":{"rendered":"111\u00ba Aniversario de San Pedro Ciudad"},"content":{"rendered":"<p><!-- VideographyWP Plugin Message: Automatic video embedding prevented by plugin options. --><br \/>\nPOR: Lic. Am\u00e9rico E. Piccagli <\/p>\n<p>El cambio de categor\u00eda del pueblo de San Pedro elevado a nivel de ciudad, ocurri\u00f3 en momentos en que el Municipio recuperaba su normalidad institucional, al ser reemplazado don Eduardo Gonz\u00e1lez Bonorino como Intendente municipal, por don Feliberto de Oliveira C\u00e9zar en 1907, en tanto que aquel era elegido como diputado provincial; precisamente cuando a nivel nacional la muerte del Dr. Manuel Quintana colocaba en la presidencia de la Naci\u00f3n al joven abogado Jos\u00e9 Figueroa Alcorta, primer presidente en ejercicio de sus funciones que lleg\u00f3 a las tierras sampedrinas (*) como consecuencia de una aver\u00eda que sufriera el barco presidencial \u00abLambar\u00e9\u00bb, en oportunidad de un viaje de esparcimiento por las aguas del Paran\u00e1.<\/p>\n<p>\tEn la provincia de Buenos Aires entre tanto se hac\u00eda cargo de la gobernaci\u00f3n. Don Ignacio Dar\u00edo Yrigoyen en reemplazo de Marcelino Ugarte, ocupando la cartera de gobierno el Dr. Emilio Carranza.<\/p>\n<p>\tLos sampedranos de aquellos a\u00f1os, se ufanaban al contar con uno de los mejores templos de la zona, bendecido el 10 de marzo de 1872 con la presencia del Obispo de Aul\u00f3n. Dr. Le\u00f3n Federico Aneiros.<\/p>\n<p>\tEl municipio hac\u00eda muy pocos a\u00f1os que hab\u00eda habilitado su nueva Casa municipal en 1892 siendo intendente don M\u00e1ximo Mill\u00e1n. El Banco de la Provincia hab\u00eda inaugurado su sucursal en las proximidades de la Plaza Constituci\u00f3n en 1873, mientras que el Banco Industrial Argentino se establec\u00eda en la esquina de Mitre y Fr. C. J. Rodr\u00edguez siendo m\u00e1s tarde absorbido por el Banco Espa\u00f1ol 1895 que, ocup\u00f3 el mismo edificio, aunque un poco m\u00e1s remozado, donde hoy tiene su sede la Liga Deportiva Sampedrina 1932. El Banco de la Naci\u00f3n Argentina por su parte terminaba de inaugurar su nuevo edificio otorg\u00e1ndole prestancia a la poblaci\u00f3n junto con los edificios del Club Unido en 1882, antes Club Uni\u00f3n en 1869; la Sociedad Italiana 1873 y la Sociedad Espa\u00f1ola 1875.<\/p>\n<p>\tTodas estas mejoras y trasformaciones se dieron en un momento en que la poblaci\u00f3n particip\u00f3 de un gran cambio impulsado por el comisionado municipal Eduardo Gonz\u00e1lez Bonorino 1897 y 1900 devenido luego, en Intendente electo y, finalmente Diputado provincial en 1907.<\/p>\n<p>\tSu acci\u00f3n de gobierno armonizaba con aciertos socio-econ\u00f3micos que iban dibujando el futuro perfil que tendr\u00eda nuestra ciudad, con la inauguraci\u00f3n del Hospital el 22 de enero de 1905, la habilitaci\u00f3n del Asilo Mar\u00eda Arosa de Gomendio que abri\u00f3 las puertas el 31 de marzo de 1908, la construcci\u00f3n del nuevo Mercado Municipal en 1879; la colocaci\u00f3n de la pir\u00e1mide el 18 de mayo de 1858; el mejoramiento de la Plaza Constituci\u00f3n creada el 18 de mayo 1863 y; la inauguraci\u00f3n de una fuente que a\u00fan hoy los sampedrinos(*) admiran el 15 de enero de1905. <\/p>\n<p>\tLa apertura de caminos, la construcci\u00f3n de puentes y la b\u00fasqueda de proyectos favorables a la salud con la instalaci\u00f3n de aguas corrientes, como as\u00ed tambi\u00e9n el impulso de la educaci\u00f3n con la creaci\u00f3n de nuevas escuelas en la planta urbana y zona rural, iniciativas \u00e9stas que forman parte del gran cambio impulsado por el gobernante del que a\u00fan hoy hablan los sampedrinos.<\/p>\n<p>\tSe inscribe tambi\u00e9n en las aspiraciones de la \u00e9poca, la ley dictada autorizando la creaci\u00f3n de los primeros bastidores o canaletas para embarque de cereal en 1886 y un puerto de cabotaje y ultramar en remplazo de los ya insuficientes embarcaderos situados sobre el riacho San Pedro, en el hoy conocido barrio Las Canaletas.<\/p>\n<p>\tDebe mencionarse tambi\u00e9n la aspiraci\u00f3n muy avanzada ya, de contar con una escuela formadora de educadores para el nivel primario, que se concretar\u00eda en muy poco tiempo m\u00e1s con la creaci\u00f3n de la Escuela Normal el 20 de enero de 1910. No es exagerado pues hablar de ambiciosos proyectos, como el del servicio de alumbrado el\u00e9ctrico p\u00fablico y privado y el adoquinado de las calles y la llegada del tel\u00e9fono. <\/p>\n<p>\tEl ferrocarril con su aporte de progreso tra\u00eda regularidad en las comunicaciones, a la vez que daba vida al interior del partido con el nacimiento de nuevos poblados entre los que se cuenta el de Santa Luc\u00eda, nacido precisamente en la \u00e9poca que rememoramos, al formarse alrededor de una de las estaciones del Ferrocarril Central C\u00f3rdoba ubicadas en el partido en 1907. Lo mismo puede decirse de Gobernador Castro y R\u00edo Tala, de la misma forma en 1886.<\/p>\n<p>\tSe viv\u00eda pr\u00e1cticamente la euforia del progreso con la instalaci\u00f3n de innumerables comercios que actuaban tanto en la planta urbana como en la zona rural, que alimentaban con su producci\u00f3n el afianzamiento econ\u00f3mico de la poblaci\u00f3n.<\/p>\n<p>\t San Pedro se encamin\u00f3 as\u00ed hacia su destino de ciudad, hermanada con el pueblo de Mar del Plata 1907 con la presencia de algunas peque\u00f1as industrias, usina, talleres, montes frutales y los innumerables productos naturales que dieron el impulso final para el afianzamiento como cabecera del partido.  <\/p>\n<p>\tLa generaci\u00f3n que vivi\u00f3 esos cambios no mostr\u00f3 la misma repercusi\u00f3n que hoy le asignamos. Tan es as\u00ed, que el mismo cuerpo deliberativo presidido por su vicepresidente Manuel Aldaz\u00e1bal, siendo su secretario don N\u00e9stor Cano, reci\u00e9n en la reuni\u00f3n del 26 de agosto de ese a\u00f1o se hizo eco de la sanci\u00f3n de la ley 3040, por medio de la cual el Senado y la C\u00e1mara de Diputados declar\u00f3 ciudad al pueblo de San Pedro el d\u00eda 22 DE JULIO DE 1907, siendo \u00e9sta promulgada tres d\u00edas m\u00e1s tarde, en la fecha que hoy recordamos, 25 DE JULIO DE 1907 propuesta por quien esto escribe y el recodado amigo Albero Ch\u00e1, por la demora en la notificaci\u00f3n. <\/p>\n<p>\tEse d\u00eda se dict\u00f3 la ordenanza N\u00b041, creando la Plaza A la Ciudad y fijando la fecha del 1 de enero de 1908 para la celebraci\u00f3n de los actos oficiales e inauguraci\u00f3n del monumento a la vez que se solicitaba al R. P. Fray Pacifico Otero escribiera una reminiscencia desde la creaci\u00f3n de San Pedro hasta su declaraci\u00f3n de ciudad; acto que no se realiz\u00f3 y reci\u00e9n tuvo cumplimiento durante el mandato del Intendente Comisionado Eduardo Luiss Donatti al cumplirse los 75 a\u00f1os de aquella declaraci\u00f3n , siendo Director de Cultura don Eduardo del Pardo. <\/p>\n<p>\tAcompa\u00f1ando el nuevo t\u00edtulo, el Municipio resolvi\u00f3 adoptar un nuevo sello incorporando al mismo un escudo ideado y pintado por la artista sampedrina Jovita de Oliveira C\u00e9zar, que fue oficializado el 23 de noviembre DE 1907 por resoluci\u00f3n del Honorable Concejo Deliberante, como acto protocolar previo al que deb\u00eda realizarse el 1 de enero de 1908. Actualmente se encuentra bajo custodia del Centro de Estudios Hist\u00f3ricos de San Pedro en su Museo Fray Jos\u00e9 Mar\u00eda Bottaro. <\/p>\n<p>\tCreo haber expresado en apretada s\u00edntesis las vivencias de los momentos previos y la escasa repercusi\u00f3n que tuvo la sanci\u00f3n de la Ley que otorg\u00f3 a nuestro pueblo el rango de ciudad. Es muy com\u00fan que as\u00ed ocurriera en la vida de los pueblos, en que los acontecimientos para quienes los viven carecen de importancia, en cambio, las generaciones futuras le asignan el valor que ellos encierran. <\/p>\n<p>\tTal es lo que ha ocurrido con nuestra declaraci\u00f3n de ciudad.  Ello me permite expresar que las obras deben hacerse entendiendo que son \u00fatiles y necesarias y no esperar de ellas repercusi\u00f3n pol\u00edtica inmediata alguna. Es la posteridad la encargada de valorar y establecer el juicio justo que merecen las acciones de gobierno y de quienes los acompa\u00f1an creando instituciones al servicio de la comunidad.  <\/p>\n","protected":false},"excerpt":{"rendered":"<p>POR: Lic. Am\u00e9rico E. Piccagli El cambio de categor\u00eda del pueblo de San Pedro elevado a nivel de ciudad, ocurri\u00f3 en momentos en que el Municipio recuperaba su normalidad institucional, al ser reemplazado don Eduardo Gonz\u00e1lez Bonorino como Intendente municipal, por don Feliberto de Oliveira C\u00e9zar en 1907, en tanto que aquel era elegido como [&hellip;]<\/p>\n","protected":false},"author":4,"featured_media":37100,"comment_status":"open","ping_status":"closed","sticky":false,"template":"","format":"standard","meta":{"om_disable_all_campaigns":false,"_jetpack_memberships_contains_paid_content":false,"footnotes":""},"categories":[50,101,2],"tags":[],"class_list":["post-37099","post","type-post","status-publish","format-standard","has-post-thumbnail","hentry","category-destacadas","category-interes-general-locales","category-locales"],"aioseo_notices":[],"gutentor_comment":0,"jetpack_featured_media_url":"https:\/\/eldiariodesanpedro.com.ar\/sitio\/wp-content\/uploads\/2018\/07\/san-pedro-iglesia-matriz-antigua-postal-buenos-aires-D_NQ_NP_4024-MLA125169655_671-F.jpg","jetpack_shortlink":"https:\/\/wp.me\/p6RhLt-9En","jetpack_sharing_enabled":true,"_links":{"self":[{"href":"https:\/\/eldiariodesanpedro.com.ar\/sitio\/wp-json\/wp\/v2\/posts\/37099","targetHints":{"allow":["GET"]}}],"collection":[{"href":"https:\/\/eldiariodesanpedro.com.ar\/sitio\/wp-json\/wp\/v2\/posts"}],"about":[{"href":"https:\/\/eldiariodesanpedro.com.ar\/sitio\/wp-json\/wp\/v2\/types\/post"}],"author":[{"embeddable":true,"href":"https:\/\/eldiariodesanpedro.com.ar\/sitio\/wp-json\/wp\/v2\/users\/4"}],"replies":[{"embeddable":true,"href":"https:\/\/eldiariodesanpedro.com.ar\/sitio\/wp-json\/wp\/v2\/comments?post=37099"}],"version-history":[{"count":1,"href":"https:\/\/eldiariodesanpedro.com.ar\/sitio\/wp-json\/wp\/v2\/posts\/37099\/revisions"}],"predecessor-version":[{"id":37101,"href":"https:\/\/eldiariodesanpedro.com.ar\/sitio\/wp-json\/wp\/v2\/posts\/37099\/revisions\/37101"}],"wp:featuredmedia":[{"embeddable":true,"href":"https:\/\/eldiariodesanpedro.com.ar\/sitio\/wp-json\/wp\/v2\/media\/37100"}],"wp:attachment":[{"href":"https:\/\/eldiariodesanpedro.com.ar\/sitio\/wp-json\/wp\/v2\/media?parent=37099"}],"wp:term":[{"taxonomy":"category","embeddable":true,"href":"https:\/\/eldiariodesanpedro.com.ar\/sitio\/wp-json\/wp\/v2\/categories?post=37099"},{"taxonomy":"post_tag","embeddable":true,"href":"https:\/\/eldiariodesanpedro.com.ar\/sitio\/wp-json\/wp\/v2\/tags?post=37099"}],"curies":[{"name":"wp","href":"https:\/\/api.w.org\/{rel}","templated":true}]}}