{"id":37092,"date":"2018-07-25T10:46:21","date_gmt":"2018-07-25T13:46:21","guid":{"rendered":"https:\/\/eldiariodesanpedro.com.ar\/sitio\/?p=37092"},"modified":"2018-07-25T10:46:21","modified_gmt":"2018-07-25T13:46:21","slug":"ramallo-encuentro-regional-feminista-en-villa-ramallo","status":"publish","type":"post","link":"https:\/\/eldiariodesanpedro.com.ar\/sitio\/ramallo-encuentro-regional-feminista-en-villa-ramallo\/","title":{"rendered":"RAMALLO: Encuentro Regional Feminista en Villa Ramallo"},"content":{"rendered":"<p><!-- VideographyWP Plugin Message: Automatic video embedding prevented by plugin options. --><br \/>\nDesde la Casa de la Mujer y la Diversidad Ramallo invitan a toda la comunidad para el s\u00e1bado 4 de Agosto a partir de las 9:00 horas al Encuentro Regional Feminista que se realizar\u00e1 en el Auditorio Libertador de Villa Ramallo.<br \/>\nEl mismo girar\u00e1 en torno a los ejes de Feminismo, Educaci\u00f3n Sexual Integral y Cosificaci\u00f3n de los cuerpos. Discusiones que abordaremos a partir de din\u00e1micas de talleres y con la exposici\u00f3n de referente feministas.<br \/>\nHabr\u00e1 dos paneles, de los cuales participaran: Laurana Malacalza, Docente de la UNLP e investigadora; Samanta Alonso, Modelo XL, Activista Gorda y Co-fundadora de Plus Doll (Agencia de Modelos XL); Lucila de Ponti, Diputada Nacional por Santa Fe, Movimiento Evita; Noelia Figueroa, Docente universitaria, Referente de Mala Junta y del Colectivo Ni Una Menos Rosario; Ver\u00f3nica Correa, Docente con perspectiva de ESI e integrante del Programa G\u00e9nero y Sexualidades de la Facultad de Derecho UNR; y Julia Pedrido Mariani, Estudiante de Derecho e integrante del Programa G\u00e9nero y Sexualidades de la Facultad de Derecho UNR.  Los talleres ser\u00e1n: Educaci\u00f3n Sexual Integral, a cargo del Programa G\u00e9nero y Sexualidades de la UNR; y Empoderamiento de los cuerpos, a cargo de Samanta Alonso.<\/p>\n<p>Cronograma:<br \/>\n9hs Acreditaci\u00f3n y desayuno<br \/>\n10hs Apertura<br \/>\n10:30hs 1er Panel<br \/>\n11:30hs Talleres<br \/>\n13hs Break<br \/>\n13:30hs Talleres<br \/>\n15hs 2do Panel<br \/>\n16hs Cierre<br \/>\nPara notas pueden comunicarse con: Pilar Mendoza, al 341- 6008314. Lilen Iwanczyna, 3407-466306. Natalia Avenali, 3407- 458278. O escribirnos a casadelamujerramallo@gmail.com.<\/p>\n","protected":false},"excerpt":{"rendered":"<p>Desde la Casa de la Mujer y la Diversidad Ramallo invitan a toda la comunidad para el s\u00e1bado 4 de Agosto a partir de las 9:00 horas al Encuentro Regional Feminista que se realizar\u00e1 en el Auditorio Libertador de Villa Ramallo. El mismo girar\u00e1 en torno a los ejes de Feminismo, Educaci\u00f3n Sexual Integral y [&hellip;]<\/p>\n","protected":false},"author":4,"featured_media":37093,"comment_status":"open","ping_status":"closed","sticky":false,"template":"","format":"standard","meta":{"om_disable_all_campaigns":false,"_jetpack_memberships_contains_paid_content":false,"footnotes":""},"categories":[621],"tags":[],"class_list":["post-37092","post","type-post","status-publish","format-standard","has-post-thumbnail","hentry","category-regionales"],"aioseo_notices":[],"gutentor_comment":0,"jetpack_featured_media_url":"https:\/\/eldiariodesanpedro.com.ar\/sitio\/wp-content\/uploads\/2018\/07\/1-1-850x436.jpg","jetpack_shortlink":"https:\/\/wp.me\/p6RhLt-9Eg","jetpack_sharing_enabled":true,"_links":{"self":[{"href":"https:\/\/eldiariodesanpedro.com.ar\/sitio\/wp-json\/wp\/v2\/posts\/37092","targetHints":{"allow":["GET"]}}],"collection":[{"href":"https:\/\/eldiariodesanpedro.com.ar\/sitio\/wp-json\/wp\/v2\/posts"}],"about":[{"href":"https:\/\/eldiariodesanpedro.com.ar\/sitio\/wp-json\/wp\/v2\/types\/post"}],"author":[{"embeddable":true,"href":"https:\/\/eldiariodesanpedro.com.ar\/sitio\/wp-json\/wp\/v2\/users\/4"}],"replies":[{"embeddable":true,"href":"https:\/\/eldiariodesanpedro.com.ar\/sitio\/wp-json\/wp\/v2\/comments?post=37092"}],"version-history":[{"count":1,"href":"https:\/\/eldiariodesanpedro.com.ar\/sitio\/wp-json\/wp\/v2\/posts\/37092\/revisions"}],"predecessor-version":[{"id":37094,"href":"https:\/\/eldiariodesanpedro.com.ar\/sitio\/wp-json\/wp\/v2\/posts\/37092\/revisions\/37094"}],"wp:featuredmedia":[{"embeddable":true,"href":"https:\/\/eldiariodesanpedro.com.ar\/sitio\/wp-json\/wp\/v2\/media\/37093"}],"wp:attachment":[{"href":"https:\/\/eldiariodesanpedro.com.ar\/sitio\/wp-json\/wp\/v2\/media?parent=37092"}],"wp:term":[{"taxonomy":"category","embeddable":true,"href":"https:\/\/eldiariodesanpedro.com.ar\/sitio\/wp-json\/wp\/v2\/categories?post=37092"},{"taxonomy":"post_tag","embeddable":true,"href":"https:\/\/eldiariodesanpedro.com.ar\/sitio\/wp-json\/wp\/v2\/tags?post=37092"}],"curies":[{"name":"wp","href":"https:\/\/api.w.org\/{rel}","templated":true}]}}