{"id":37089,"date":"2018-07-25T10:43:53","date_gmt":"2018-07-25T13:43:53","guid":{"rendered":"https:\/\/eldiariodesanpedro.com.ar\/sitio\/?p=37089"},"modified":"2018-07-25T10:43:53","modified_gmt":"2018-07-25T13:43:53","slug":"baradero-fue-al-cementerio-le-quisieron-robar-y-se-defendio-exhibiendo-un-arma","status":"publish","type":"post","link":"https:\/\/eldiariodesanpedro.com.ar\/sitio\/baradero-fue-al-cementerio-le-quisieron-robar-y-se-defendio-exhibiendo-un-arma\/","title":{"rendered":"BARADERO: Fue al cementerio, le quisieron robar y se defendi\u00f3 exhibiendo un arma"},"content":{"rendered":"<p><!-- VideographyWP Plugin Message: Automatic video embedding prevented by plugin options. --><br \/>\nLa noticia gener\u00f3 diversos comentarios. Lo cierto es que el episodio ocurri\u00f3 ayer alrededor de las 17 horas cuando un hombre de 80 a\u00f1os concurri\u00f3 al cementerio a llevar flores a sus afectos. Un grupo de j\u00f3venes intent\u00f3 robarle. Se dirigi\u00f3 a su veh\u00edculo y se defendi\u00f3 exhibiendo un arma de fuego. El hombre cont\u00f3 en detalles por Tu Radio el suceso.<\/p>\n<p>El episodio ocurri\u00f3 ayer cuando el hombre de 80 a\u00f1os lleg\u00f3 a visitar la tumba de sus padres.<\/p>\n<p>Seg\u00fan relat\u00f3 a Contacto Directo \u201cse le acercaron un grupo de 10 chicos de aproximadamente 13 a\u00f1os intimidandolo y solicit\u00e1ndole sus pertenencias\u201d. El hombre les exhibi\u00f3 un arma y huyeron del lugar.<\/p>\n<p>El hecho gener\u00f3 gran preocupaci\u00f3n en todo sentido.<\/p>\n<p>Fuente: Tu Linea Directa<\/p>\n","protected":false},"excerpt":{"rendered":"<p>La noticia gener\u00f3 diversos comentarios. Lo cierto es que el episodio ocurri\u00f3 ayer alrededor de las 17 horas cuando un hombre de 80 a\u00f1os concurri\u00f3 al cementerio a llevar flores a sus afectos. Un grupo de j\u00f3venes intent\u00f3 robarle. Se dirigi\u00f3 a su veh\u00edculo y se defendi\u00f3 exhibiendo un arma de fuego. El hombre cont\u00f3 [&hellip;]<\/p>\n","protected":false},"author":4,"featured_media":37090,"comment_status":"open","ping_status":"closed","sticky":false,"template":"","format":"standard","meta":{"om_disable_all_campaigns":false,"_jetpack_memberships_contains_paid_content":false,"footnotes":""},"categories":[621],"tags":[],"class_list":["post-37089","post","type-post","status-publish","format-standard","has-post-thumbnail","hentry","category-regionales"],"aioseo_notices":[],"gutentor_comment":0,"jetpack_featured_media_url":"https:\/\/eldiariodesanpedro.com.ar\/sitio\/wp-content\/uploads\/2018\/07\/f1cffbfc97aa7c59a39eeb606de84bba.jpg","jetpack_shortlink":"https:\/\/wp.me\/p6RhLt-9Ed","jetpack_sharing_enabled":true,"_links":{"self":[{"href":"https:\/\/eldiariodesanpedro.com.ar\/sitio\/wp-json\/wp\/v2\/posts\/37089","targetHints":{"allow":["GET"]}}],"collection":[{"href":"https:\/\/eldiariodesanpedro.com.ar\/sitio\/wp-json\/wp\/v2\/posts"}],"about":[{"href":"https:\/\/eldiariodesanpedro.com.ar\/sitio\/wp-json\/wp\/v2\/types\/post"}],"author":[{"embeddable":true,"href":"https:\/\/eldiariodesanpedro.com.ar\/sitio\/wp-json\/wp\/v2\/users\/4"}],"replies":[{"embeddable":true,"href":"https:\/\/eldiariodesanpedro.com.ar\/sitio\/wp-json\/wp\/v2\/comments?post=37089"}],"version-history":[{"count":1,"href":"https:\/\/eldiariodesanpedro.com.ar\/sitio\/wp-json\/wp\/v2\/posts\/37089\/revisions"}],"predecessor-version":[{"id":37091,"href":"https:\/\/eldiariodesanpedro.com.ar\/sitio\/wp-json\/wp\/v2\/posts\/37089\/revisions\/37091"}],"wp:featuredmedia":[{"embeddable":true,"href":"https:\/\/eldiariodesanpedro.com.ar\/sitio\/wp-json\/wp\/v2\/media\/37090"}],"wp:attachment":[{"href":"https:\/\/eldiariodesanpedro.com.ar\/sitio\/wp-json\/wp\/v2\/media?parent=37089"}],"wp:term":[{"taxonomy":"category","embeddable":true,"href":"https:\/\/eldiariodesanpedro.com.ar\/sitio\/wp-json\/wp\/v2\/categories?post=37089"},{"taxonomy":"post_tag","embeddable":true,"href":"https:\/\/eldiariodesanpedro.com.ar\/sitio\/wp-json\/wp\/v2\/tags?post=37089"}],"curies":[{"name":"wp","href":"https:\/\/api.w.org\/{rel}","templated":true}]}}