{"id":37085,"date":"2018-07-25T10:40:48","date_gmt":"2018-07-25T13:40:48","guid":{"rendered":"https:\/\/eldiariodesanpedro.com.ar\/sitio\/?p=37085"},"modified":"2018-07-25T10:41:58","modified_gmt":"2018-07-25T13:41:58","slug":"san-nicolas-fallecio-rodrigo-fourcade-tras-permanecer-dos-dias-en-terapia-intensiva","status":"publish","type":"post","link":"https:\/\/eldiariodesanpedro.com.ar\/sitio\/san-nicolas-fallecio-rodrigo-fourcade-tras-permanecer-dos-dias-en-terapia-intensiva\/","title":{"rendered":"SAN NICOL\u00c1S: Falleci\u00f3 Rodrigo Fourcade tras permanecer dos d\u00edas en Terapia Intensiva"},"content":{"rendered":"<p><!-- VideographyWP Plugin Message: Automatic video embedding prevented by plugin options. --><br \/>\nFinalmente y a pesar de la denodada labor de los profesionales de la salud del Hospital San Felipe, falleci\u00f3 el joven Rodrigo Guillermo Fourcade, de 22 a\u00f1os, quien se hallaba internado desde la tarde del domingo a ra\u00edz de un accidente a bordo de su moto. El joven se suma a una larga lista de muertes en siniestros de tr\u00e1nsito que golpean de forma asidua a nuestra ciudad y la zona.<\/p>\n<p>Finalmente y a pesar de la denodada labor de los profesionales de la salud del Hospital San Felipe, falleci\u00f3 el joven Rodrigo Guillermo Fourcade, de 22 a\u00f1os, quien se hallaba internado desde la tarde del domingo a ra\u00edz de un accidente a bordo de su moto. El joven se hallaba en Terapia Intensiva asistido por respiraci\u00f3n mec\u00e1nica ya que hab\u00eda ingresado con un traumatismo de cr\u00e1neo grave y contusi\u00f3n pulmonar bilateral.<br \/>\nLa muerte de Rodrigo gener\u00f3 un profundo dolor en la comunidad ya que adem\u00e1s de tratarse de una persona joven, el muchacho era padre de un ni\u00f1o.<br \/>\nRecordemos que el pasado domingo en horas del mediod\u00eda se produjo un accidente de tr\u00e1nsito en la intersecci\u00f3n de Balcarce y Rademil, cuando se produjo una colisi\u00f3n entre un autom\u00f3vil marca Renault Sandero con una moto Tit\u00e1n conducida por Rodrigo de 22 a\u00f1os y otra moto Tit\u00e1n en la que iba una pareja de 18 y 17 a\u00f1os. R\u00e1pidamente la ambulancia municipal traslad\u00f3 a los heridos al hospital.<\/p>\n<p>Muertes j\u00f3venes<br \/>\nLamentablemente y como venimos mencionado de forma asidua en este medio, son cada vez m\u00e1s los j\u00f3venes que pierden su vida en accidentes de tr\u00e1nsito generando un da\u00f1o irreparable en nuestra sociedad.<br \/>\nYa el pasado s\u00e1bado 7 de julio, en horas de la madrugada, por Ruta 188, entre Campos Salles y Gral. Rojo, por causas que se deben esclarecer, impactaron de frente un colectivo de la l\u00ednea Vercelli y un autom\u00f3vil Fiat 147. Como consecuencia del impacto perdieron la vida Imanol Alejandro Zabala de 18 a\u00f1os y Yaquelin Escobar de 19 a\u00f1os y  terminaron con heridas graves Carmen Nitrovich, de 27 a\u00f1os, que se halla en Terapia Intensiva y Ulises Fern\u00e1ndez de 19 a\u00f1os con m\u00faltiples golpes. Los muy j\u00f3venes fallecidos eran oriundos de la localidad de Gral. Rojo.<br \/>\nEse mismo d\u00eda, en calle Constituyente, a la altura del 100, personal policial del Comando de Patrullas, observ\u00f3 tendido en el asfalto, el cuerpo sin vida de Nicol\u00e1s Cordisco. El sujeto, al momento de ser hallado, presentaba laceraciones en la zona frontal del cr\u00e1neo y la mano derecha habiendo una gran cantidad de sangre en el lugar.<br \/>\nRealizada la autopsia se constataron laceraciones en la zona frontal del cr\u00e1neo, mano derecha y fractura en la cadera, siendo todas estas lesiones compatibles con una colisi\u00f3n vehicular.  El joven viv\u00eda a pocos metros del lugar donde fue hallado. Aun se investiga para determinar fehacientemente lo que sucedi\u00f3 e identificar al conductor y el auto que le ocasion\u00f3 la muerte. <\/p>\n<p>Moto<br \/>\nEl \u00faltimo fallecido en un accidente de motocicleta fue Jonathan Correa un joven oriundo de nuestra ciudad, padre de familia, quien el 10 de junio pasado, por causas que se deben esclarecer, en barrio Don Miguel, habr\u00eda impactado contra el lateral de un colectivo de la l\u00ednea Vercelli quedando tendido en el asfalto y luego fue trasladado al hospital. En el lugar de los hechos qued\u00f3 la moto tirada y una gran mancha de sangre. En el nosocomio a pesar de  todos los esfuerzos de los m\u00e9dicos, nada pudieron hacer para salvarle la vida al joven.<br \/>\nEl tr\u00e1nsito sigue siendo una de las mayores causas de muertes j\u00f3venes en nuestra ciudad y a pesar de las intensas y continuas campa\u00f1as, los accidentes donde las motos son protagonistas, se siguen repitiendo de manera casi diaria. S\u00f3lo el azar logra que no ocurran m\u00e1s muertes por este tema.<br \/>\nFuente: Diario EL Norte<\/p>\n","protected":false},"excerpt":{"rendered":"<p>Finalmente y a pesar de la denodada labor de los profesionales de la salud del Hospital San Felipe, falleci\u00f3 el joven Rodrigo Guillermo Fourcade, de 22 a\u00f1os, quien se hallaba internado desde la tarde del domingo a ra\u00edz de un accidente a bordo de su moto. El joven se suma a una larga lista de [&hellip;]<\/p>\n","protected":false},"author":4,"featured_media":37086,"comment_status":"open","ping_status":"closed","sticky":false,"template":"","format":"standard","meta":{"om_disable_all_campaigns":false,"_jetpack_memberships_contains_paid_content":false,"footnotes":""},"categories":[621],"tags":[],"class_list":["post-37085","post","type-post","status-publish","format-standard","has-post-thumbnail","hentry","category-regionales"],"aioseo_notices":[],"gutentor_comment":0,"jetpack_featured_media_url":"https:\/\/eldiariodesanpedro.com.ar\/sitio\/wp-content\/uploads\/2018\/07\/PAGINA-7-2.jpg","jetpack_shortlink":"https:\/\/wp.me\/p6RhLt-9E9","jetpack_sharing_enabled":true,"_links":{"self":[{"href":"https:\/\/eldiariodesanpedro.com.ar\/sitio\/wp-json\/wp\/v2\/posts\/37085","targetHints":{"allow":["GET"]}}],"collection":[{"href":"https:\/\/eldiariodesanpedro.com.ar\/sitio\/wp-json\/wp\/v2\/posts"}],"about":[{"href":"https:\/\/eldiariodesanpedro.com.ar\/sitio\/wp-json\/wp\/v2\/types\/post"}],"author":[{"embeddable":true,"href":"https:\/\/eldiariodesanpedro.com.ar\/sitio\/wp-json\/wp\/v2\/users\/4"}],"replies":[{"embeddable":true,"href":"https:\/\/eldiariodesanpedro.com.ar\/sitio\/wp-json\/wp\/v2\/comments?post=37085"}],"version-history":[{"count":2,"href":"https:\/\/eldiariodesanpedro.com.ar\/sitio\/wp-json\/wp\/v2\/posts\/37085\/revisions"}],"predecessor-version":[{"id":37088,"href":"https:\/\/eldiariodesanpedro.com.ar\/sitio\/wp-json\/wp\/v2\/posts\/37085\/revisions\/37088"}],"wp:featuredmedia":[{"embeddable":true,"href":"https:\/\/eldiariodesanpedro.com.ar\/sitio\/wp-json\/wp\/v2\/media\/37086"}],"wp:attachment":[{"href":"https:\/\/eldiariodesanpedro.com.ar\/sitio\/wp-json\/wp\/v2\/media?parent=37085"}],"wp:term":[{"taxonomy":"category","embeddable":true,"href":"https:\/\/eldiariodesanpedro.com.ar\/sitio\/wp-json\/wp\/v2\/categories?post=37085"},{"taxonomy":"post_tag","embeddable":true,"href":"https:\/\/eldiariodesanpedro.com.ar\/sitio\/wp-json\/wp\/v2\/tags?post=37085"}],"curies":[{"name":"wp","href":"https:\/\/api.w.org\/{rel}","templated":true}]}}