{"id":37083,"date":"2018-07-25T09:40:34","date_gmt":"2018-07-25T12:40:34","guid":{"rendered":"https:\/\/eldiariodesanpedro.com.ar\/sitio\/?p=37083"},"modified":"2018-07-25T09:40:34","modified_gmt":"2018-07-25T12:40:34","slug":"se-clausuro-un-taller-mecanico-por-falta-de-habilitacion","status":"publish","type":"post","link":"https:\/\/eldiariodesanpedro.com.ar\/sitio\/se-clausuro-un-taller-mecanico-por-falta-de-habilitacion\/","title":{"rendered":"Se clausur\u00f3 un taller mec\u00e1nico por falta de habilitaci\u00f3n"},"content":{"rendered":"<p><!-- VideographyWP Plugin Message: Automatic video embedding prevented by plugin options. --><br \/>\nPersonal policial en marco de la ley 13081, el martes por la tarde procedi\u00f3 a la  inspecci\u00f3n de un  taller mecanico de motos, sito en calle  Mitre  al 3000, cual carec\u00eda de habilitaci\u00f3n municipal y libros de registros.<\/p>\n<p>Como resultado queda el lugar con la  clausura preventiva donde se labraron actuaciones con intervenci\u00f3n del Juzgado de Paz Local.<\/p>\n","protected":false},"excerpt":{"rendered":"<p>Personal policial en marco de la ley 13081, el martes por la tarde procedi\u00f3 a la inspecci\u00f3n de un taller mecanico de motos, sito en calle Mitre al 3000, cual carec\u00eda de habilitaci\u00f3n municipal y libros de registros. Como resultado queda el lugar con la clausura preventiva donde se labraron actuaciones con intervenci\u00f3n del Juzgado [&hellip;]<\/p>\n","protected":false},"author":4,"featured_media":12840,"comment_status":"open","ping_status":"closed","sticky":false,"template":"","format":"standard","meta":{"om_disable_all_campaigns":false,"_jetpack_memberships_contains_paid_content":false,"footnotes":""},"categories":[2,103],"tags":[],"class_list":["post-37083","post","type-post","status-publish","format-standard","has-post-thumbnail","hentry","category-locales","category-policiales-locales"],"aioseo_notices":[],"gutentor_comment":0,"jetpack_featured_media_url":"https:\/\/eldiariodesanpedro.com.ar\/sitio\/wp-content\/uploads\/2017\/01\/movil-inspeccion-municipalidad-san-pedro.jpg","jetpack_shortlink":"https:\/\/wp.me\/p6RhLt-9E7","jetpack_sharing_enabled":true,"_links":{"self":[{"href":"https:\/\/eldiariodesanpedro.com.ar\/sitio\/wp-json\/wp\/v2\/posts\/37083","targetHints":{"allow":["GET"]}}],"collection":[{"href":"https:\/\/eldiariodesanpedro.com.ar\/sitio\/wp-json\/wp\/v2\/posts"}],"about":[{"href":"https:\/\/eldiariodesanpedro.com.ar\/sitio\/wp-json\/wp\/v2\/types\/post"}],"author":[{"embeddable":true,"href":"https:\/\/eldiariodesanpedro.com.ar\/sitio\/wp-json\/wp\/v2\/users\/4"}],"replies":[{"embeddable":true,"href":"https:\/\/eldiariodesanpedro.com.ar\/sitio\/wp-json\/wp\/v2\/comments?post=37083"}],"version-history":[{"count":1,"href":"https:\/\/eldiariodesanpedro.com.ar\/sitio\/wp-json\/wp\/v2\/posts\/37083\/revisions"}],"predecessor-version":[{"id":37084,"href":"https:\/\/eldiariodesanpedro.com.ar\/sitio\/wp-json\/wp\/v2\/posts\/37083\/revisions\/37084"}],"wp:featuredmedia":[{"embeddable":true,"href":"https:\/\/eldiariodesanpedro.com.ar\/sitio\/wp-json\/wp\/v2\/media\/12840"}],"wp:attachment":[{"href":"https:\/\/eldiariodesanpedro.com.ar\/sitio\/wp-json\/wp\/v2\/media?parent=37083"}],"wp:term":[{"taxonomy":"category","embeddable":true,"href":"https:\/\/eldiariodesanpedro.com.ar\/sitio\/wp-json\/wp\/v2\/categories?post=37083"},{"taxonomy":"post_tag","embeddable":true,"href":"https:\/\/eldiariodesanpedro.com.ar\/sitio\/wp-json\/wp\/v2\/tags?post=37083"}],"curies":[{"name":"wp","href":"https:\/\/api.w.org\/{rel}","templated":true}]}}