{"id":37078,"date":"2018-07-25T09:03:24","date_gmt":"2018-07-25T12:03:24","guid":{"rendered":"https:\/\/eldiariodesanpedro.com.ar\/sitio\/?p=37078"},"modified":"2018-07-25T09:03:24","modified_gmt":"2018-07-25T12:03:24","slug":"nueva-medida-de-fuerza-en-celupaper-hay-al-menos-11-despidos","status":"publish","type":"post","link":"https:\/\/eldiariodesanpedro.com.ar\/sitio\/nueva-medida-de-fuerza-en-celupaper-hay-al-menos-11-despidos\/","title":{"rendered":"Nueva medida de fuerza en Celupaper, hay al menos 11 despidos"},"content":{"rendered":"<p><!-- VideographyWP Plugin Message: Automatic video embedding prevented by plugin options. --><br \/>\nEsta ma\u00f1ana llegaron los trabajadores a la empresa y ocho recibieron en la puerta una copia del telegrama de despido. Comenz\u00f3 la medida de fuerza en las puertas de la empresa.<\/p>\n<p>Este mi\u00e9rcoles, una nueva medida de fuerza han iniciado los trabajadores de la F\u00e1brica Celupaper en las puertas de la empresa luego de que terminara este martes la medida conciliatoria con el Ministerio de Trabajo que hab\u00eda comenzado el 1 de Junio del corriente a\u00f1o.<\/p>\n<p>La empresa plante\u00f3 en su momento un recorte de personal, que con la baja en la producci\u00f3n no pod\u00edan afrontar el pago de los salarios y comenz\u00f3 el conflicto con 19 trabajadores suspendidos sin goce de sueldo, medidas de conciliaci\u00f3n y  el acompa\u00f1amiento de la CGT Regional San Pedro Baradero.<\/p>\n<p>Esta ma\u00f1ana, Eduardo Oilher, Secretario General del Sindicato de Papeleros, contaba que luego de que se terminara la etapa de conciliaci\u00f3n; el primer conflicto estar\u00eda casi resuelto con 16 trabajadores que decidieron adherirse al retiro voluntario, pero hoy se encontraron con la sorpresa de que 8 trabajadores del turno ma\u00f1ana recibieron sus telegramas de despido en la mano y  que al menos 4 personas m\u00e1s del turno tarde lo tendr\u00edan.<\/p>\n<p>Oilher nos dec\u00eda ademas \u00abhasta ayer la producci\u00f3n era normal, hay una maquina que esta parada por falta de personal e inclusive los compa\u00f1eros se solidarizaron a ayudar, los camiones salen con normalidad, hay una baja en el consumo pero es general\u00bb y agreg\u00f3 \u00ablos trabajadores que acotaron al retiro voluntario eran lo que necesitaban, estos despidos son sorpresivos, vamos a seguir con la medida de fuerza y esperamos que vengan del Ministerio de Trabajo\u00bb.<\/p>\n<p>Los trabajadores en medio de una fogata en las puertas de la empresa prendieron fuego un buzo con la insignia de la misma. <\/p>\n","protected":false},"excerpt":{"rendered":"<p>Esta ma\u00f1ana llegaron los trabajadores a la empresa y ocho recibieron en la puerta una copia del telegrama de despido. Comenz\u00f3 la medida de fuerza en las puertas de la empresa. Este mi\u00e9rcoles, una nueva medida de fuerza han iniciado los trabajadores de la F\u00e1brica Celupaper en las puertas de la empresa luego de que [&hellip;]<\/p>\n","protected":false},"author":4,"featured_media":37079,"comment_status":"open","ping_status":"closed","sticky":false,"template":"","format":"standard","meta":{"om_disable_all_campaigns":false,"_jetpack_memberships_contains_paid_content":false,"footnotes":""},"categories":[50,101,2],"tags":[],"class_list":["post-37078","post","type-post","status-publish","format-standard","has-post-thumbnail","hentry","category-destacadas","category-interes-general-locales","category-locales"],"aioseo_notices":[],"gutentor_comment":0,"jetpack_featured_media_url":"https:\/\/eldiariodesanpedro.com.ar\/sitio\/wp-content\/uploads\/2018\/07\/FABRICA.jpeg","jetpack_shortlink":"https:\/\/wp.me\/p6RhLt-9E2","jetpack_sharing_enabled":true,"_links":{"self":[{"href":"https:\/\/eldiariodesanpedro.com.ar\/sitio\/wp-json\/wp\/v2\/posts\/37078","targetHints":{"allow":["GET"]}}],"collection":[{"href":"https:\/\/eldiariodesanpedro.com.ar\/sitio\/wp-json\/wp\/v2\/posts"}],"about":[{"href":"https:\/\/eldiariodesanpedro.com.ar\/sitio\/wp-json\/wp\/v2\/types\/post"}],"author":[{"embeddable":true,"href":"https:\/\/eldiariodesanpedro.com.ar\/sitio\/wp-json\/wp\/v2\/users\/4"}],"replies":[{"embeddable":true,"href":"https:\/\/eldiariodesanpedro.com.ar\/sitio\/wp-json\/wp\/v2\/comments?post=37078"}],"version-history":[{"count":1,"href":"https:\/\/eldiariodesanpedro.com.ar\/sitio\/wp-json\/wp\/v2\/posts\/37078\/revisions"}],"predecessor-version":[{"id":37080,"href":"https:\/\/eldiariodesanpedro.com.ar\/sitio\/wp-json\/wp\/v2\/posts\/37078\/revisions\/37080"}],"wp:featuredmedia":[{"embeddable":true,"href":"https:\/\/eldiariodesanpedro.com.ar\/sitio\/wp-json\/wp\/v2\/media\/37079"}],"wp:attachment":[{"href":"https:\/\/eldiariodesanpedro.com.ar\/sitio\/wp-json\/wp\/v2\/media?parent=37078"}],"wp:term":[{"taxonomy":"category","embeddable":true,"href":"https:\/\/eldiariodesanpedro.com.ar\/sitio\/wp-json\/wp\/v2\/categories?post=37078"},{"taxonomy":"post_tag","embeddable":true,"href":"https:\/\/eldiariodesanpedro.com.ar\/sitio\/wp-json\/wp\/v2\/tags?post=37078"}],"curies":[{"name":"wp","href":"https:\/\/api.w.org\/{rel}","templated":true}]}}