{"id":37073,"date":"2018-07-24T20:26:44","date_gmt":"2018-07-24T23:26:44","guid":{"rendered":"https:\/\/eldiariodesanpedro.com.ar\/sitio\/?p=37073"},"modified":"2026-01-23T23:51:30","modified_gmt":"2026-01-24T02:51:30","slug":"futbol-local-defensores-unidos-salio-campeon-en-sub-21","status":"publish","type":"post","link":"https:\/\/eldiariodesanpedro.com.ar\/sitio\/futbol-local-defensores-unidos-salio-campeon-en-sub-21\/","title":{"rendered":"F\u00daTBOL LOCAL: Defensores Unidos sali\u00f3 campe\u00f3n en Sub 21"},"content":{"rendered":"<p><!-- VideographyWP Plugin Message: Automatic video embedding prevented by plugin options. --><br \/>\nDe visitante cay\u00f3 3 a 2, lo \u00fanico que servia era ganar y gan\u00f3 de local, en el partido definitorio, fue 1 a 0 y con ello los penales definieron la serie \u00fanica. Lo gan\u00f3 CADU, logrando coronar con \u00e9xito la primera parte del a\u00f1o.<\/p>\n<p><strong>S\u00edntesis<\/strong><br \/>\nDefensores Unidos 1 (3)- Sp. La Esperanza 0 (2)<\/p>\n<p>Defensores Unidos: Mauricio Chaparro, Jorge G\u00f3mez, Carlos Chaparro, Mauricio Flores, Pablo Palacios, Juan Nouet, Ezequiel Chaparro, Fabi\u00e1n Weis, Jos\u00e9 Chaparro, Mario Ju\u00e1rez y Salvador Sierra.   Director t\u00e9cnico: Gerardo Nouet. Relevos: Lorenzo Gonz\u00e1lez, Cristian Ferreyra, Sebasti\u00e1n Ojeda, Lucas Duarte y Mart\u00edn Mart\u00ednez. <\/p>\n<p>La Esperanza: Alejo, Franchini, Sim\u00f3n Pereyra, Teo Reynoso, Tom\u00e1s Velo, Pedro D\u00e1valos, Sebasti\u00e1n C\u00e1ceres, Francisco Cort\u00e9s, Enzo Ojeda, M\u00e1ximo Malacalza, Alex Leone y Alex Oliveto. Director t\u00e9cnico: Gerardo Biain. Relevos: Dami\u00e1n Pugliese, Alan Guerra, Franco Mart\u00ednez, Mateo Oliveto y Javier Di Napoli.<br \/>\nGol: Jos\u00e9 Chaparro (DU)<br \/>\n\u00c1rbitro: Joaqu\u00edn GIL<br \/>\nCancha: CADU<\/p>\n","protected":false},"excerpt":{"rendered":"<p>De visitante cay\u00f3 3 a 2, lo \u00fanico que servia era ganar y gan\u00f3 de local, en el partido definitorio, fue 1 a 0 y con ello los penales definieron la serie \u00fanica. Lo gan\u00f3 CADU, logrando coronar con \u00e9xito la primera parte del a\u00f1o. S\u00edntesis Defensores Unidos 1 (3)- Sp. La Esperanza 0 (2) [&hellip;]<\/p>\n","protected":false},"author":4,"featured_media":37075,"comment_status":"open","ping_status":"closed","sticky":false,"template":"","format":"standard","meta":{"om_disable_all_campaigns":false,"_jetpack_memberships_contains_paid_content":false,"footnotes":""},"categories":[5],"tags":[],"class_list":["post-37073","post","type-post","status-publish","format-standard","has-post-thumbnail","hentry","category-deportes"],"aioseo_notices":[],"gutentor_comment":0,"jetpack_featured_media_url":"https:\/\/eldiariodesanpedro.com.ar\/sitio\/wp-content\/uploads\/2018\/07\/CADU-campe\u00f3n-un-barrio-alegre.jpg","jetpack_shortlink":"https:\/\/wp.me\/p6RhLt-9DX","jetpack_sharing_enabled":true,"_links":{"self":[{"href":"https:\/\/eldiariodesanpedro.com.ar\/sitio\/wp-json\/wp\/v2\/posts\/37073","targetHints":{"allow":["GET"]}}],"collection":[{"href":"https:\/\/eldiariodesanpedro.com.ar\/sitio\/wp-json\/wp\/v2\/posts"}],"about":[{"href":"https:\/\/eldiariodesanpedro.com.ar\/sitio\/wp-json\/wp\/v2\/types\/post"}],"author":[{"embeddable":true,"href":"https:\/\/eldiariodesanpedro.com.ar\/sitio\/wp-json\/wp\/v2\/users\/4"}],"replies":[{"embeddable":true,"href":"https:\/\/eldiariodesanpedro.com.ar\/sitio\/wp-json\/wp\/v2\/comments?post=37073"}],"version-history":[{"count":1,"href":"https:\/\/eldiariodesanpedro.com.ar\/sitio\/wp-json\/wp\/v2\/posts\/37073\/revisions"}],"predecessor-version":[{"id":37076,"href":"https:\/\/eldiariodesanpedro.com.ar\/sitio\/wp-json\/wp\/v2\/posts\/37073\/revisions\/37076"}],"wp:featuredmedia":[{"embeddable":true,"href":"https:\/\/eldiariodesanpedro.com.ar\/sitio\/wp-json\/wp\/v2\/media\/37075"}],"wp:attachment":[{"href":"https:\/\/eldiariodesanpedro.com.ar\/sitio\/wp-json\/wp\/v2\/media?parent=37073"}],"wp:term":[{"taxonomy":"category","embeddable":true,"href":"https:\/\/eldiariodesanpedro.com.ar\/sitio\/wp-json\/wp\/v2\/categories?post=37073"},{"taxonomy":"post_tag","embeddable":true,"href":"https:\/\/eldiariodesanpedro.com.ar\/sitio\/wp-json\/wp\/v2\/tags?post=37073"}],"curies":[{"name":"wp","href":"https:\/\/api.w.org\/{rel}","templated":true}]}}