{"id":37071,"date":"2018-07-24T20:21:16","date_gmt":"2018-07-24T23:21:16","guid":{"rendered":"https:\/\/eldiariodesanpedro.com.ar\/sitio\/?p=37071"},"modified":"2026-01-23T23:51:30","modified_gmt":"2026-01-24T02:51:30","slug":"futbol-local-agricultores-campeon-de-tercera-division","status":"publish","type":"post","link":"https:\/\/eldiariodesanpedro.com.ar\/sitio\/futbol-local-agricultores-campeon-de-tercera-division\/","title":{"rendered":"F\u00daTBOL LOCAL, Agricultores: campe\u00f3n de tercera divisi\u00f3n"},"content":{"rendered":"<p><!-- VideographyWP Plugin Message: Automatic video embedding prevented by plugin options. --><br \/>\nLos chicos de G. Castro conquistaron de manera magnifica el campeonato de la divisi\u00f3n tercera (2003\/2002) al derrotar a Mitre uno a cero en la revancha, pero con un 4 a 0 en el partido de ida. El plantel de Gerardo G\u00f3mez sac\u00f3 una gran diferencia en la final, inesperada en principio, pero luego en la cancha demostr\u00f3 la superioridad para lograr ser el campe\u00f3n del Apertura. <\/p>\n<p><strong>S\u00edntesis<\/strong><br \/>\n<em>Mitre 0 &#8211; Agricultores Club 1<\/em><\/p>\n<p>Mitre: Facundo Lencina, Axel Verd\u00fan, Yerim\u00e9n Sacc\u00e1, Alexis P\u00e9rez, Genaro Novaro, Manuel Butti, Agust\u00edn Torrens, Mat\u00edas Abraham, Ger\u00f3nimo Cabrera, Federico Barreto y Tom\u00e1s Piquioni. DT: Juan Cotino Borjes. Relevos: Ignacio Pardo, Sim\u00f3n Berola, El\u00edas Duzac, Franco Madariaga y Ramiro Hern\u00e1ndez.<\/p>\n<p>Agricultores: Tom\u00e1s Rufache Roccheti, Mateo Albarrac\u00edn, Alexander Varela, Eliseo Rodr\u00edguez, Hugo Varela, Jonathan Godoy, Benjam\u00edn Z\u00e1rate, Alexander Ben\u00edtez, Joaqu\u00edn Fonseca, Manuel Palavecino y Alan Figueroa. DT: Gerardo G\u00f3mez. Relevos: Ezequiel Gonz\u00e1lez, Benjam\u00edn Fontela, Adri\u00e1n Sir, Brandon Mi\u00f1o y H\u00e9ctor Ben\u00edtez.<br \/>\nGol: Manuel Palavecino (A)<br \/>\n\u00c1rbitro: Juan CASCO<br \/>\nCancha: Estadio Municipal \u201cGral. San Mart\u00edn\u201d<\/p>\n","protected":false},"excerpt":{"rendered":"<p>Los chicos de G. Castro conquistaron de manera magnifica el campeonato de la divisi\u00f3n tercera (2003\/2002) al derrotar a Mitre uno a cero en la revancha, pero con un 4 a 0 en el partido de ida. El plantel de Gerardo G\u00f3mez sac\u00f3 una gran diferencia en la final, inesperada en principio, pero luego en [&hellip;]<\/p>\n","protected":false},"author":4,"featured_media":37072,"comment_status":"open","ping_status":"closed","sticky":false,"template":"","format":"standard","meta":{"om_disable_all_campaigns":false,"_jetpack_memberships_contains_paid_content":false,"footnotes":""},"categories":[5],"tags":[],"class_list":["post-37071","post","type-post","status-publish","format-standard","has-post-thumbnail","hentry","category-deportes"],"aioseo_notices":[],"gutentor_comment":0,"jetpack_featured_media_url":"https:\/\/eldiariodesanpedro.com.ar\/sitio\/wp-content\/uploads\/2018\/07\/agricultores.jpg","jetpack_shortlink":"https:\/\/wp.me\/p6RhLt-9DV","jetpack_sharing_enabled":true,"_links":{"self":[{"href":"https:\/\/eldiariodesanpedro.com.ar\/sitio\/wp-json\/wp\/v2\/posts\/37071","targetHints":{"allow":["GET"]}}],"collection":[{"href":"https:\/\/eldiariodesanpedro.com.ar\/sitio\/wp-json\/wp\/v2\/posts"}],"about":[{"href":"https:\/\/eldiariodesanpedro.com.ar\/sitio\/wp-json\/wp\/v2\/types\/post"}],"author":[{"embeddable":true,"href":"https:\/\/eldiariodesanpedro.com.ar\/sitio\/wp-json\/wp\/v2\/users\/4"}],"replies":[{"embeddable":true,"href":"https:\/\/eldiariodesanpedro.com.ar\/sitio\/wp-json\/wp\/v2\/comments?post=37071"}],"version-history":[{"count":1,"href":"https:\/\/eldiariodesanpedro.com.ar\/sitio\/wp-json\/wp\/v2\/posts\/37071\/revisions"}],"predecessor-version":[{"id":37074,"href":"https:\/\/eldiariodesanpedro.com.ar\/sitio\/wp-json\/wp\/v2\/posts\/37071\/revisions\/37074"}],"wp:featuredmedia":[{"embeddable":true,"href":"https:\/\/eldiariodesanpedro.com.ar\/sitio\/wp-json\/wp\/v2\/media\/37072"}],"wp:attachment":[{"href":"https:\/\/eldiariodesanpedro.com.ar\/sitio\/wp-json\/wp\/v2\/media?parent=37071"}],"wp:term":[{"taxonomy":"category","embeddable":true,"href":"https:\/\/eldiariodesanpedro.com.ar\/sitio\/wp-json\/wp\/v2\/categories?post=37071"},{"taxonomy":"post_tag","embeddable":true,"href":"https:\/\/eldiariodesanpedro.com.ar\/sitio\/wp-json\/wp\/v2\/tags?post=37071"}],"curies":[{"name":"wp","href":"https:\/\/api.w.org\/{rel}","templated":true}]}}