{"id":37067,"date":"2018-07-24T20:18:21","date_gmt":"2018-07-24T23:18:21","guid":{"rendered":"https:\/\/eldiariodesanpedro.com.ar\/sitio\/?p=37067"},"modified":"2026-01-23T23:51:30","modified_gmt":"2026-01-24T02:51:30","slug":"baby-futbol-san-pedro-repitio-en-san-nicolas-campeon-2007","status":"publish","type":"post","link":"https:\/\/eldiariodesanpedro.com.ar\/sitio\/baby-futbol-san-pedro-repitio-en-san-nicolas-campeon-2007\/","title":{"rendered":"BABY F\u00daTBOL: San Pedro repiti\u00f3 en San Nicol\u00e1s: Campe\u00f3n 2007"},"content":{"rendered":"<p><!-- VideographyWP Plugin Message: Automatic video embedding prevented by plugin options. --><br \/>\nLas dos Selecciones de la Liga Infantil de F\u00fatbol en el torneo de vacaciones de invierno en San Nicol\u00e1s, con 16 Selecciones que disputan el \u201cJos\u00e9 Antonio Esteban Hoyos\u201d. El equipo denominado \u201cA\u201d qued\u00f3 finalmente en el quinto lugar y el \u201cB\u201d campe\u00f3n del torneo al ganar en la final a uno de los seleccionados nicole\u00f1os 3 a 0.<\/p>\n<p>  Fue contundente el equipo que conduce Jes\u00fas Campos, el resultado as\u00ed lo indica, pero tambi\u00e9n en el juego mostr\u00f3 superioridad. El tempranero gol hizo que manejara el partido a voluntad y nunca tuvo riesgo de derrota, llegando el segundo tanto antes que finalice la etapa inicial. El gol definitivo lo marc\u00f3 a los 10m del complemento para sacra una ventaja imposible de descontar para los chicos locales. San Pedro se consagr\u00f3 por segundo a\u00f1o consecutivo campe\u00f3n de un tradicional certamen que a lo largo de toda la se ana tiene a los chicos alojados en casas de familias dejando una gran confraternidad y experiencia para los peque\u00f1os. <\/p>\n<p><strong>Los planteles<\/strong><\/p>\n<p><em>Plantel 1<\/em><br \/>\nBenjam\u00edn Fregenal (G. San Mart\u00edn)<br \/>\nEzequiel Parre\u00f1o (El Tanque)<br \/>\nAgust\u00edn Cabrera (Mitre)<br \/>\nJuan Scarfo (Mitre)<br \/>\nJuan Ferragut (Mitre)<br \/>\nBautista Rocha (Rivadavia)<br \/>\nKevin Carlevaris (San Roque FC)<br \/>\nJuli\u00e1n Oilher (El Porvenir)<br \/>\nGer\u00f3nimo Ceballos (El Porvenir)<br \/>\nMart\u00edn Soto (El Porvenir)<br \/>\nNahuel Far\u00edas (Fundici\u00f3n FC)<br \/>\nMarcos Brey (Sportivo)<br \/>\nDT: Leonardo Pedraza<br \/>\nAC: Emmanuel Pedraza<\/p>\n<p><em>Plantel 2<\/em><br \/>\nBautista L\u00f3pez Marcell (Paran\u00e1 FC)<br \/>\nValent\u00edn Correa (Paran\u00e1 FC)<br \/>\nEnzo Menegoni (Paran\u00e1 FC)<br \/>\nAlexis Jatil (Paran\u00e1 FC)<br \/>\nMart\u00edn Tagliatori (Mitre)<br \/>\nAgust\u00edn Campos (San Roque FC)<br \/>\nValent\u00edn Trezzini (San Roque FC)<br \/>\nLorenzo Ar\u00e9valo (Castro FC)<br \/>\nJuli\u00e1n Cerruti (Castro FC)<br \/>\nSantiago Unamuno (C. C\u00f3rdoba)<br \/>\nGenaro D\u00edaz (Los Andes)<br \/>\nAmaro Huesa (Los Andes)<br \/>\nDT: Jes\u00fas Campos<br \/>\nAC: Mart\u00edn Actis<\/p>\n","protected":false},"excerpt":{"rendered":"<p>Las dos Selecciones de la Liga Infantil de F\u00fatbol en el torneo de vacaciones de invierno en San Nicol\u00e1s, con 16 Selecciones que disputan el \u201cJos\u00e9 Antonio Esteban Hoyos\u201d. El equipo denominado \u201cA\u201d qued\u00f3 finalmente en el quinto lugar y el \u201cB\u201d campe\u00f3n del torneo al ganar en la final a uno de los seleccionados [&hellip;]<\/p>\n","protected":false},"author":4,"featured_media":37069,"comment_status":"open","ping_status":"closed","sticky":false,"template":"","format":"standard","meta":{"om_disable_all_campaigns":false,"_jetpack_memberships_contains_paid_content":false,"footnotes":""},"categories":[5],"tags":[],"class_list":["post-37067","post","type-post","status-publish","format-standard","has-post-thumbnail","hentry","category-deportes"],"aioseo_notices":[],"gutentor_comment":0,"jetpack_featured_media_url":"https:\/\/eldiariodesanpedro.com.ar\/sitio\/wp-content\/uploads\/2018\/07\/Plantel-campe\u00f3n.jpg","jetpack_shortlink":"https:\/\/wp.me\/p6RhLt-9DR","jetpack_sharing_enabled":true,"_links":{"self":[{"href":"https:\/\/eldiariodesanpedro.com.ar\/sitio\/wp-json\/wp\/v2\/posts\/37067","targetHints":{"allow":["GET"]}}],"collection":[{"href":"https:\/\/eldiariodesanpedro.com.ar\/sitio\/wp-json\/wp\/v2\/posts"}],"about":[{"href":"https:\/\/eldiariodesanpedro.com.ar\/sitio\/wp-json\/wp\/v2\/types\/post"}],"author":[{"embeddable":true,"href":"https:\/\/eldiariodesanpedro.com.ar\/sitio\/wp-json\/wp\/v2\/users\/4"}],"replies":[{"embeddable":true,"href":"https:\/\/eldiariodesanpedro.com.ar\/sitio\/wp-json\/wp\/v2\/comments?post=37067"}],"version-history":[{"count":1,"href":"https:\/\/eldiariodesanpedro.com.ar\/sitio\/wp-json\/wp\/v2\/posts\/37067\/revisions"}],"predecessor-version":[{"id":37070,"href":"https:\/\/eldiariodesanpedro.com.ar\/sitio\/wp-json\/wp\/v2\/posts\/37067\/revisions\/37070"}],"wp:featuredmedia":[{"embeddable":true,"href":"https:\/\/eldiariodesanpedro.com.ar\/sitio\/wp-json\/wp\/v2\/media\/37069"}],"wp:attachment":[{"href":"https:\/\/eldiariodesanpedro.com.ar\/sitio\/wp-json\/wp\/v2\/media?parent=37067"}],"wp:term":[{"taxonomy":"category","embeddable":true,"href":"https:\/\/eldiariodesanpedro.com.ar\/sitio\/wp-json\/wp\/v2\/categories?post=37067"},{"taxonomy":"post_tag","embeddable":true,"href":"https:\/\/eldiariodesanpedro.com.ar\/sitio\/wp-json\/wp\/v2\/tags?post=37067"}],"curies":[{"name":"wp","href":"https:\/\/api.w.org\/{rel}","templated":true}]}}