{"id":37066,"date":"2018-07-24T20:12:58","date_gmt":"2018-07-24T23:12:58","guid":{"rendered":"https:\/\/eldiariodesanpedro.com.ar\/sitio\/?p=37066"},"modified":"2018-07-24T20:12:58","modified_gmt":"2018-07-24T23:12:58","slug":"sera-implementado-el-modulo-ingresos-publicos-en-rafam","status":"publish","type":"post","link":"https:\/\/eldiariodesanpedro.com.ar\/sitio\/sera-implementado-el-modulo-ingresos-publicos-en-rafam\/","title":{"rendered":"Ser\u00e1 implementado el m\u00f3dulo \u00abIngresos P\u00fablicos\u00bb en RAFAM"},"content":{"rendered":"<p><!-- VideographyWP Plugin Message: Automatic video embedding prevented by plugin options. --><br \/>\n  En pos de integrar la gesti\u00f3n recaudatoria con el resto de la informaci\u00f3n econ\u00f3mica-financiera municipal en un \u00daNICO sistema, la Direcci\u00f3n de Rentas viene trabajando en la preparaci\u00f3n del m\u00f3dulo de \u201cAdministraci\u00f3n de Ingresos P\u00fablicos\u201d (ING) de RAFAM.<br \/>\n  Se comenzar\u00e1 con el mismo el mi\u00e9rcoles 1 de agosto de 2018 y se implementar\u00e1 gradualmente. En una primera etapa se comienza con la gesti\u00f3n de cobro de Tasas y Derechos Varios. Estas tasas\/derechos son las que no est\u00e1n vinculadas a la cuenta corriente de los contribuyentes, a saber:<\/p>\n<p>&#8211; TASA POR SERVICIOS ESPECIALES DE LIMPIEZA E HIGIENE<br \/>\n&#8211; TASA POR CONTROL DE MARCAS Y SE\u00d1ALES<br \/>\n&#8211; DERECHOS POR VENTA Y\/O COMPRA AMBULANTE<br \/>\n&#8211; DERECHOS DE OFICINA<br \/>\n&#8211; DERECHOS A LOS ESPECTACULOS P\u00daBLICOS<\/p>\n<p>  En etapas sucesivas las cuales se informar\u00e1n con anticipaci\u00f3n, ser\u00e1n incorporadas el resto de las tasas\/derechos:<br \/>\n&#8211; TASA POR SERVICIOS VARIOS<br \/>\n&#8211; CEMENTERIO<br \/>\n&#8211; RODADOS: Motoveh\u00edculos; Automotores<br \/>\n&#8211; INMUEBLES: Alumbrado, Barrido, Limpieza y Conservaci\u00f3n de la V\u00eda P\u00fablica; Servicios Sanitarios; Red Vial; Derechos de Construcci\u00f3n;<br \/>\n&#8211; COMERCIO: Seguridad e Higiene; Ocupaci\u00f3n o Uso de Espacio P\u00fablico; Publicidad y Propaganda; Canon por Antenas; Habilitaci\u00f3n de Comercios e Industrias<br \/>\n&#8211; TURISMO: Habilitaci\u00f3n de Gu\u00edas de Turismo e Id\u00f3neos;<\/p>\n<p>  El objetivo final es que toda la operatoria de Recaudaci\u00f3n del municipio se gestione s\u00f3lo en RAFAM, logrando de esta forma cumplir con la integraci\u00f3n de toda la informaci\u00f3n para la toma de decisiones.<\/p>\n","protected":false},"excerpt":{"rendered":"<p>En pos de integrar la gesti\u00f3n recaudatoria con el resto de la informaci\u00f3n econ\u00f3mica-financiera municipal en un \u00daNICO sistema, la Direcci\u00f3n de Rentas viene trabajando en la preparaci\u00f3n del m\u00f3dulo de \u201cAdministraci\u00f3n de Ingresos P\u00fablicos\u201d (ING) de RAFAM. Se comenzar\u00e1 con el mismo el mi\u00e9rcoles 1 de agosto de 2018 y se implementar\u00e1 gradualmente. En [&hellip;]<\/p>\n","protected":false},"author":4,"featured_media":3907,"comment_status":"open","ping_status":"closed","sticky":false,"template":"","format":"standard","meta":{"om_disable_all_campaigns":false,"_jetpack_memberships_contains_paid_content":false,"footnotes":""},"categories":[101,2],"tags":[],"class_list":["post-37066","post","type-post","status-publish","format-standard","has-post-thumbnail","hentry","category-interes-general-locales","category-locales"],"aioseo_notices":[],"gutentor_comment":0,"jetpack_featured_media_url":"https:\/\/eldiariodesanpedro.com.ar\/sitio\/wp-content\/uploads\/2016\/05\/rentas.jpg","jetpack_shortlink":"https:\/\/wp.me\/p6RhLt-9DQ","jetpack_sharing_enabled":true,"_links":{"self":[{"href":"https:\/\/eldiariodesanpedro.com.ar\/sitio\/wp-json\/wp\/v2\/posts\/37066","targetHints":{"allow":["GET"]}}],"collection":[{"href":"https:\/\/eldiariodesanpedro.com.ar\/sitio\/wp-json\/wp\/v2\/posts"}],"about":[{"href":"https:\/\/eldiariodesanpedro.com.ar\/sitio\/wp-json\/wp\/v2\/types\/post"}],"author":[{"embeddable":true,"href":"https:\/\/eldiariodesanpedro.com.ar\/sitio\/wp-json\/wp\/v2\/users\/4"}],"replies":[{"embeddable":true,"href":"https:\/\/eldiariodesanpedro.com.ar\/sitio\/wp-json\/wp\/v2\/comments?post=37066"}],"version-history":[{"count":1,"href":"https:\/\/eldiariodesanpedro.com.ar\/sitio\/wp-json\/wp\/v2\/posts\/37066\/revisions"}],"predecessor-version":[{"id":37068,"href":"https:\/\/eldiariodesanpedro.com.ar\/sitio\/wp-json\/wp\/v2\/posts\/37066\/revisions\/37068"}],"wp:featuredmedia":[{"embeddable":true,"href":"https:\/\/eldiariodesanpedro.com.ar\/sitio\/wp-json\/wp\/v2\/media\/3907"}],"wp:attachment":[{"href":"https:\/\/eldiariodesanpedro.com.ar\/sitio\/wp-json\/wp\/v2\/media?parent=37066"}],"wp:term":[{"taxonomy":"category","embeddable":true,"href":"https:\/\/eldiariodesanpedro.com.ar\/sitio\/wp-json\/wp\/v2\/categories?post=37066"},{"taxonomy":"post_tag","embeddable":true,"href":"https:\/\/eldiariodesanpedro.com.ar\/sitio\/wp-json\/wp\/v2\/tags?post=37066"}],"curies":[{"name":"wp","href":"https:\/\/api.w.org\/{rel}","templated":true}]}}