{"id":37061,"date":"2018-07-24T12:47:52","date_gmt":"2018-07-24T15:47:52","guid":{"rendered":"https:\/\/eldiariodesanpedro.com.ar\/sitio\/?p=37061"},"modified":"2018-07-24T12:47:52","modified_gmt":"2018-07-24T15:47:52","slug":"importante-subsidio-para-vehiculos-herramientas-y-equipamiento","status":"publish","type":"post","link":"https:\/\/eldiariodesanpedro.com.ar\/sitio\/importante-subsidio-para-vehiculos-herramientas-y-equipamiento\/","title":{"rendered":"Importante subsidio para veh\u00edculos, herramientas y equipamiento"},"content":{"rendered":"<p><!-- VideographyWP Plugin Message: Automatic video embedding prevented by plugin options. --><br \/>\nEl Intendente Cecilio Salazar particip\u00f3 este lunes por la ma\u00f1ana de una serie de reuniones en la Ciudad de Buenos Aires que tuvieron conclusiones muy positivas. La b\u00fasqueda de apoyo econ\u00f3mico para reforzar la infraestructura de las \u00e1reas que brindan servicios importantes, es constante. En este sentido, la cita con el Subsecretario de Gesti\u00f3n Municipal Lucas Delfino, perteneciente al Ministerio Obras P\u00fablicas y Viviendas sirvi\u00f3 para firmar la documentaci\u00f3n a trav\u00e9s de la cual se contar\u00e1 con un fondo de aproximadamente 2 millones de pesos que ser\u00e1 destinado a las \u00e1reas de Obras P\u00fablicas, Parques y Jardines y Modernizaci\u00f3n.<\/p>\n<p>A partir de la recepci\u00f3n del subsidio se efectuar\u00e1n los pasos correspondientes para la compra de un Cami\u00f3n Volcador Mediano y herramientas de mano que se emplear\u00e1n en el mantenimiento de la amplia zona costera, plazas y arbolado p\u00fablico. Las cuadrillas de personal municipal cumplen una tarea permanente en estas \u00e1reas y especialmente en los preparativos para la pr\u00f3xima temporada de primavera y verano, el objetivo es implementar un operativo especial para presentar los espacios verdes en las mejores condiciones.<\/p>\n<p>Otra partida del mismo subsidio ser\u00e1 destinada a la compra de equipamiento para reemplazar o incrementar la infraestructura del \u00e1rea de Modernizaci\u00f3n que tambi\u00e9n se encuentra en un proceso de transformaci\u00f3n para incrementar los servicios a la comunidad.<\/p>\n<div style=\"width: 640px;\" class=\"wp-video\"><video class=\"wp-video-shortcode\" id=\"video-37061-1\" width=\"640\" height=\"362\" preload=\"metadata\" controls=\"controls\"><source type=\"video\/mp4\" src=\"https:\/\/eldiariodesanpedro.com.ar\/sitio\/wp-content\/uploads\/2018\/07\/Video.mp4?_=1\" \/><a href=\"https:\/\/eldiariodesanpedro.com.ar\/sitio\/wp-content\/uploads\/2018\/07\/Video.mp4\">https:\/\/eldiariodesanpedro.com.ar\/sitio\/wp-content\/uploads\/2018\/07\/Video.mp4<\/a><\/video><\/div>\n","protected":false},"excerpt":{"rendered":"<p>El Intendente Cecilio Salazar particip\u00f3 este lunes por la ma\u00f1ana de una serie de reuniones en la Ciudad de Buenos Aires que tuvieron conclusiones muy positivas. La b\u00fasqueda de apoyo econ\u00f3mico para reforzar la infraestructura de las \u00e1reas que brindan servicios importantes, es constante. En este sentido, la cita con el Subsecretario de Gesti\u00f3n Municipal [&hellip;]<\/p>\n","protected":false},"author":4,"featured_media":37062,"comment_status":"open","ping_status":"closed","sticky":false,"template":"","format":"standard","meta":{"om_disable_all_campaigns":false,"_jetpack_memberships_contains_paid_content":false,"footnotes":""},"categories":[2,102],"tags":[],"class_list":["post-37061","post","type-post","status-publish","format-standard","has-post-thumbnail","hentry","category-locales","category-politica-locales"],"aioseo_notices":[],"gutentor_comment":0,"jetpack_featured_media_url":"https:\/\/eldiariodesanpedro.com.ar\/sitio\/wp-content\/uploads\/2018\/07\/PAGINA-4-DOS.jpeg","jetpack_shortlink":"https:\/\/wp.me\/p6RhLt-9DL","jetpack_sharing_enabled":true,"_links":{"self":[{"href":"https:\/\/eldiariodesanpedro.com.ar\/sitio\/wp-json\/wp\/v2\/posts\/37061","targetHints":{"allow":["GET"]}}],"collection":[{"href":"https:\/\/eldiariodesanpedro.com.ar\/sitio\/wp-json\/wp\/v2\/posts"}],"about":[{"href":"https:\/\/eldiariodesanpedro.com.ar\/sitio\/wp-json\/wp\/v2\/types\/post"}],"author":[{"embeddable":true,"href":"https:\/\/eldiariodesanpedro.com.ar\/sitio\/wp-json\/wp\/v2\/users\/4"}],"replies":[{"embeddable":true,"href":"https:\/\/eldiariodesanpedro.com.ar\/sitio\/wp-json\/wp\/v2\/comments?post=37061"}],"version-history":[{"count":1,"href":"https:\/\/eldiariodesanpedro.com.ar\/sitio\/wp-json\/wp\/v2\/posts\/37061\/revisions"}],"predecessor-version":[{"id":37064,"href":"https:\/\/eldiariodesanpedro.com.ar\/sitio\/wp-json\/wp\/v2\/posts\/37061\/revisions\/37064"}],"wp:featuredmedia":[{"embeddable":true,"href":"https:\/\/eldiariodesanpedro.com.ar\/sitio\/wp-json\/wp\/v2\/media\/37062"}],"wp:attachment":[{"href":"https:\/\/eldiariodesanpedro.com.ar\/sitio\/wp-json\/wp\/v2\/media?parent=37061"}],"wp:term":[{"taxonomy":"category","embeddable":true,"href":"https:\/\/eldiariodesanpedro.com.ar\/sitio\/wp-json\/wp\/v2\/categories?post=37061"},{"taxonomy":"post_tag","embeddable":true,"href":"https:\/\/eldiariodesanpedro.com.ar\/sitio\/wp-json\/wp\/v2\/tags?post=37061"}],"curies":[{"name":"wp","href":"https:\/\/api.w.org\/{rel}","templated":true}]}}