{"id":37058,"date":"2018-07-24T12:42:42","date_gmt":"2018-07-24T15:42:42","guid":{"rendered":"https:\/\/eldiariodesanpedro.com.ar\/sitio\/?p=37058"},"modified":"2018-07-24T12:42:42","modified_gmt":"2018-07-24T15:42:42","slug":"ramallo-bunge-despediria-una-gran-cantidad-de-trabajadores","status":"publish","type":"post","link":"https:\/\/eldiariodesanpedro.com.ar\/sitio\/ramallo-bunge-despediria-una-gran-cantidad-de-trabajadores\/","title":{"rendered":"RAMALLO: Bunge despedir\u00eda una gran cantidad de trabajadores"},"content":{"rendered":"<p><!-- VideographyWP Plugin Message: Automatic video embedding prevented by plugin options. --><br \/>\nDesde la semana pasada viene escuch\u00e1ndose el rumor que prev\u00e9 84 despidos por parte de la empresa Bunge. Los mismos se efectuar\u00edan en estos d\u00edas afectando no solo a trabajadores de nuestro partido sino a la zona en s\u00ed.<\/p>\n<p>La firma habr\u00eda ingresado en un \u201cproceso de readecuaci\u00f3n\u201d en sus plantas y este ser\u00eda el principal motivo del gran n\u00famero de  despidos.<\/p>\n<p>A partir del mediod\u00eda de hoy Operarios y representantes legales de distintos gremios como los Qu\u00edmicos y Petroqu\u00edmicos, con apoyo de UOM y UOCRA, comenzar\u00e1n a realizar distintas medidas de fuerza en la entrada a la f\u00e1brica.<\/p>\n<p>La empresa manifiesta que el actual contexto de falta de competitividad paraliz\u00f3 l\u00edneas de producci\u00f3n de fertilizantes producto de la suba de costos para producir y un mercado internacional que produce los mismos productos a m\u00e1s bajo precio.<\/p>\n<p>Desde los sindicatos (Qu\u00edmico y Petroqu\u00edmico)  manifestaron que los despidos son una \u201cpresi\u00f3n directa\u201d que podr\u00eda haber sido acordada por la multinacional con otras compa\u00f1\u00edas petroqu\u00edmicas que quieren avanzar sobre el convenio colectivo del sector.<\/p>\n<p>La C\u00e1mara que enrola a empresas de la Industria Qu\u00edmica y Petroqu\u00edmica present\u00f3 en diciembre pasado una propuesta para modificar el convenio colectivo de trabajo que abarca a los trabajadores de toda la zona.<\/p>\n<p>Con los despidos que se vienen sufriendo desde el  2016, donde se produjo el cierre de empresas como Carboclor, Latinoqu\u00edmica, TFL, Lanxess y Quipro, todo este sector asegura que  viene siendo muy golpeado.<\/p>\n<p>Fuente: Ramallo Informa<\/p>\n","protected":false},"excerpt":{"rendered":"<p>Desde la semana pasada viene escuch\u00e1ndose el rumor que prev\u00e9 84 despidos por parte de la empresa Bunge. Los mismos se efectuar\u00edan en estos d\u00edas afectando no solo a trabajadores de nuestro partido sino a la zona en s\u00ed. La firma habr\u00eda ingresado en un \u201cproceso de readecuaci\u00f3n\u201d en sus plantas y este ser\u00eda el [&hellip;]<\/p>\n","protected":false},"author":4,"featured_media":37059,"comment_status":"open","ping_status":"closed","sticky":false,"template":"","format":"standard","meta":{"om_disable_all_campaigns":false,"_jetpack_memberships_contains_paid_content":false,"footnotes":""},"categories":[621],"tags":[],"class_list":["post-37058","post","type-post","status-publish","format-standard","has-post-thumbnail","hentry","category-regionales"],"aioseo_notices":[],"gutentor_comment":0,"jetpack_featured_media_url":"https:\/\/eldiariodesanpedro.com.ar\/sitio\/wp-content\/uploads\/2018\/07\/bunge-protesta-850x491.jpg","jetpack_shortlink":"https:\/\/wp.me\/p6RhLt-9DI","jetpack_sharing_enabled":true,"_links":{"self":[{"href":"https:\/\/eldiariodesanpedro.com.ar\/sitio\/wp-json\/wp\/v2\/posts\/37058","targetHints":{"allow":["GET"]}}],"collection":[{"href":"https:\/\/eldiariodesanpedro.com.ar\/sitio\/wp-json\/wp\/v2\/posts"}],"about":[{"href":"https:\/\/eldiariodesanpedro.com.ar\/sitio\/wp-json\/wp\/v2\/types\/post"}],"author":[{"embeddable":true,"href":"https:\/\/eldiariodesanpedro.com.ar\/sitio\/wp-json\/wp\/v2\/users\/4"}],"replies":[{"embeddable":true,"href":"https:\/\/eldiariodesanpedro.com.ar\/sitio\/wp-json\/wp\/v2\/comments?post=37058"}],"version-history":[{"count":1,"href":"https:\/\/eldiariodesanpedro.com.ar\/sitio\/wp-json\/wp\/v2\/posts\/37058\/revisions"}],"predecessor-version":[{"id":37060,"href":"https:\/\/eldiariodesanpedro.com.ar\/sitio\/wp-json\/wp\/v2\/posts\/37058\/revisions\/37060"}],"wp:featuredmedia":[{"embeddable":true,"href":"https:\/\/eldiariodesanpedro.com.ar\/sitio\/wp-json\/wp\/v2\/media\/37059"}],"wp:attachment":[{"href":"https:\/\/eldiariodesanpedro.com.ar\/sitio\/wp-json\/wp\/v2\/media?parent=37058"}],"wp:term":[{"taxonomy":"category","embeddable":true,"href":"https:\/\/eldiariodesanpedro.com.ar\/sitio\/wp-json\/wp\/v2\/categories?post=37058"},{"taxonomy":"post_tag","embeddable":true,"href":"https:\/\/eldiariodesanpedro.com.ar\/sitio\/wp-json\/wp\/v2\/tags?post=37058"}],"curies":[{"name":"wp","href":"https:\/\/api.w.org\/{rel}","templated":true}]}}