{"id":37053,"date":"2018-07-24T10:56:02","date_gmt":"2018-07-24T13:56:02","guid":{"rendered":"https:\/\/eldiariodesanpedro.com.ar\/sitio\/?p=37053"},"modified":"2018-07-24T10:56:02","modified_gmt":"2018-07-24T13:56:02","slug":"baradero-no-me-supieron-decir-donde-sepultaron-a-mi-hijo","status":"publish","type":"post","link":"https:\/\/eldiariodesanpedro.com.ar\/sitio\/baradero-no-me-supieron-decir-donde-sepultaron-a-mi-hijo\/","title":{"rendered":"BARADERO: \u201cNo me supieron decir donde sepultaron a mi hijo\u201d"},"content":{"rendered":"<p><!-- VideographyWP Plugin Message: Automatic video embedding prevented by plugin options. --><br \/>\nLo reconoci\u00f3 Karina, est\u00e1 ma\u00f1ana en di\u00e1logo con Tu Radio. La mujer dijo que \u201cdio a luz a su hijo y luego le comunicaron el fallecimiento\u201d. Su familia hizo el traslado del cuerpo al cementerio local mediante una empresa funeraria. Hab\u00eda sido hospitalizada en la localidad de Jun\u00edn.<\/p>\n<p>Pasados varios meses desde la necropsia no le supieron explicar donde est\u00e1 sepultado.<\/p>\n<p>El episodio ocurri\u00f3 en Agosto de 2016 cuando fue derivada a la localidad de Jun\u00edn por ser\u00edas complicaciones en su embarazo.<\/p>\n<p>\u201cMi hijo naci\u00f3. Lo pude ver pero despu\u00e9s me comunicaron el fallecimiento\u201d, indic\u00f3 Karina en di\u00e1logo con Tu Radio.<\/p>\n<p>La mujer permaneci\u00f3 internada por un lapso de 15 d\u00edas acompa\u00f1ada por su hermana.<\/p>\n<p>Desde la localidad de Jun\u00edn se realizaron los tr\u00e1mites y el posterior traslado del cuerpo mediante una empresa funeraria local.<\/p>\n<p>Tras ser dada de alta concurri\u00f3 al cementerio a depositar flores en la tumba de su hijo: \u201cno me supieron decir donde lo sepultaron\u201d, dijo estremecida la mujer.<\/p>\n<p>Confirm\u00f3 que \u201cmantuvo contactos con el actual Director del Cementerio, Daniel Buey, quien le facilit\u00f3 la informaci\u00f3n necesaria y all\u00ed descubrieron que no hay registros del lugar donde sepultaron a la criatura.<\/p>\n<p>Tras no encontrar m\u00e1s respuestas decidi\u00f3 el viernes radicar una denuncia. \u201cLlevo dos a\u00f1os sin que nadie me ayude\u201d, reconoci\u00f3. Espera la intervenci\u00f3n de la justicia.<\/p>\n<p>Por su parte el Director local de Derechos Humanos, Luis Verdina, se comprometi\u00f3 p\u00fablicamente a tomar el caso y brindar la asistencia a la familia.<\/p>\n<p>Fuente: Tu L\u00ednea Directa<\/p>\n","protected":false},"excerpt":{"rendered":"<p>Lo reconoci\u00f3 Karina, est\u00e1 ma\u00f1ana en di\u00e1logo con Tu Radio. La mujer dijo que \u201cdio a luz a su hijo y luego le comunicaron el fallecimiento\u201d. Su familia hizo el traslado del cuerpo al cementerio local mediante una empresa funeraria. Hab\u00eda sido hospitalizada en la localidad de Jun\u00edn. Pasados varios meses desde la necropsia no [&hellip;]<\/p>\n","protected":false},"author":4,"featured_media":37055,"comment_status":"open","ping_status":"closed","sticky":false,"template":"","format":"standard","meta":{"om_disable_all_campaigns":false,"_jetpack_memberships_contains_paid_content":false,"footnotes":""},"categories":[621],"tags":[],"class_list":["post-37053","post","type-post","status-publish","format-standard","has-post-thumbnail","hentry","category-regionales"],"aioseo_notices":[],"gutentor_comment":0,"jetpack_featured_media_url":"https:\/\/eldiariodesanpedro.com.ar\/sitio\/wp-content\/uploads\/2018\/07\/dsc_0297-640x480-1.jpg","jetpack_shortlink":"https:\/\/wp.me\/p6RhLt-9DD","jetpack_sharing_enabled":true,"_links":{"self":[{"href":"https:\/\/eldiariodesanpedro.com.ar\/sitio\/wp-json\/wp\/v2\/posts\/37053","targetHints":{"allow":["GET"]}}],"collection":[{"href":"https:\/\/eldiariodesanpedro.com.ar\/sitio\/wp-json\/wp\/v2\/posts"}],"about":[{"href":"https:\/\/eldiariodesanpedro.com.ar\/sitio\/wp-json\/wp\/v2\/types\/post"}],"author":[{"embeddable":true,"href":"https:\/\/eldiariodesanpedro.com.ar\/sitio\/wp-json\/wp\/v2\/users\/4"}],"replies":[{"embeddable":true,"href":"https:\/\/eldiariodesanpedro.com.ar\/sitio\/wp-json\/wp\/v2\/comments?post=37053"}],"version-history":[{"count":2,"href":"https:\/\/eldiariodesanpedro.com.ar\/sitio\/wp-json\/wp\/v2\/posts\/37053\/revisions"}],"predecessor-version":[{"id":37056,"href":"https:\/\/eldiariodesanpedro.com.ar\/sitio\/wp-json\/wp\/v2\/posts\/37053\/revisions\/37056"}],"wp:featuredmedia":[{"embeddable":true,"href":"https:\/\/eldiariodesanpedro.com.ar\/sitio\/wp-json\/wp\/v2\/media\/37055"}],"wp:attachment":[{"href":"https:\/\/eldiariodesanpedro.com.ar\/sitio\/wp-json\/wp\/v2\/media?parent=37053"}],"wp:term":[{"taxonomy":"category","embeddable":true,"href":"https:\/\/eldiariodesanpedro.com.ar\/sitio\/wp-json\/wp\/v2\/categories?post=37053"},{"taxonomy":"post_tag","embeddable":true,"href":"https:\/\/eldiariodesanpedro.com.ar\/sitio\/wp-json\/wp\/v2\/tags?post=37053"}],"curies":[{"name":"wp","href":"https:\/\/api.w.org\/{rel}","templated":true}]}}