{"id":37050,"date":"2018-07-24T10:52:03","date_gmt":"2018-07-24T13:52:03","guid":{"rendered":"https:\/\/eldiariodesanpedro.com.ar\/sitio\/?p=37050"},"modified":"2018-07-24T10:52:03","modified_gmt":"2018-07-24T13:52:03","slug":"baradero-interno-de-la-unidad-penal-11-ingreso-con-droga-y-fue-descubierto","status":"publish","type":"post","link":"https:\/\/eldiariodesanpedro.com.ar\/sitio\/baradero-interno-de-la-unidad-penal-11-ingreso-con-droga-y-fue-descubierto\/","title":{"rendered":"BARADERO: Interno de la Unidad Penal 11 ingres\u00f3 con droga y fue descubierto"},"content":{"rendered":"<p><!-- VideographyWP Plugin Message: Automatic video embedding prevented by plugin options. --><br \/>\nFue este domingo luego de que regresar\u00e1 de la salida transitoria a la que est\u00e1 acogido. Seg\u00fan inform\u00f3 el Prefecto Mayor Germ\u00e1n Ahumada -Director de la Unidad- a Tu Radio, en exclusiva, el episodio \u201cfue alertado en una requisa\u201d. El interno fue puesto a disposici\u00f3n de la justicia que evaluar\u00e1 su situaci\u00f3n a futuro. Cabe recordar que la Unidad carcelaria local tiene un r\u00e9gimen abierto y los internos que son beneficiados est\u00e1n en el tramo final de las condenas.<\/p>\n<p>\u201cEs una requisa de rutina que se realiza al ingreso de los internos al regreso de las salidas transitorias como una medida propia de seguridad en el establecimiento\u201d, comenz\u00f3 relatando el Director de la Unidad Penal Prefecto Mayor Germ\u00e1n Ahumada.<br \/>\nEn di\u00e1logo exclusivo con Tu Radio, el nuevo jefe de la UP 11 confirm\u00f3 que \u201cen poder del interno se secuestr\u00f3 marihuana que estaba compactada y en bolsas\u201d.<\/p>\n<p>El hecho fue descubierto en la noche del domingo. El interno est\u00e1 alojado desde marzo de este a\u00f1o. Purgaba una condena por \u201crobo agravado por uso de arma de fuego\u201d. Es oriundo de La Matanza.<\/p>\n<p>En 2019 cumpl\u00eda el tiempo de condena.<br \/>\nEstos hechos son considerados graves y la justicia, en varios casos, dispone que los internos pierdan los beneficios que le fueron concedidos. \u201cSe encuentra a\u00fan en la unidad a la espera de que resuelva el juzgado\u201d, agreg\u00f3 Ahumada.<br \/>\nPor este hecho se realiz\u00f3 un doble procedimiento, por un lado las actuaciones administrativas del penal. Por otro, al ser un hecho que involucra drogas, se dio intervenci\u00f3n a la fiscal\u00eda en turno.<\/p>\n","protected":false},"excerpt":{"rendered":"<p>Fue este domingo luego de que regresar\u00e1 de la salida transitoria a la que est\u00e1 acogido. Seg\u00fan inform\u00f3 el Prefecto Mayor Germ\u00e1n Ahumada -Director de la Unidad- a Tu Radio, en exclusiva, el episodio \u201cfue alertado en una requisa\u201d. El interno fue puesto a disposici\u00f3n de la justicia que evaluar\u00e1 su situaci\u00f3n a futuro. Cabe [&hellip;]<\/p>\n","protected":false},"author":4,"featured_media":37051,"comment_status":"open","ping_status":"closed","sticky":false,"template":"","format":"standard","meta":{"om_disable_all_campaigns":false,"_jetpack_memberships_contains_paid_content":false,"footnotes":""},"categories":[621],"tags":[],"class_list":["post-37050","post","type-post","status-publish","format-standard","has-post-thumbnail","hentry","category-regionales"],"aioseo_notices":[],"gutentor_comment":0,"jetpack_featured_media_url":"https:\/\/eldiariodesanpedro.com.ar\/sitio\/wp-content\/uploads\/2018\/07\/29681500.jpg","jetpack_shortlink":"https:\/\/wp.me\/p6RhLt-9DA","jetpack_sharing_enabled":true,"_links":{"self":[{"href":"https:\/\/eldiariodesanpedro.com.ar\/sitio\/wp-json\/wp\/v2\/posts\/37050","targetHints":{"allow":["GET"]}}],"collection":[{"href":"https:\/\/eldiariodesanpedro.com.ar\/sitio\/wp-json\/wp\/v2\/posts"}],"about":[{"href":"https:\/\/eldiariodesanpedro.com.ar\/sitio\/wp-json\/wp\/v2\/types\/post"}],"author":[{"embeddable":true,"href":"https:\/\/eldiariodesanpedro.com.ar\/sitio\/wp-json\/wp\/v2\/users\/4"}],"replies":[{"embeddable":true,"href":"https:\/\/eldiariodesanpedro.com.ar\/sitio\/wp-json\/wp\/v2\/comments?post=37050"}],"version-history":[{"count":1,"href":"https:\/\/eldiariodesanpedro.com.ar\/sitio\/wp-json\/wp\/v2\/posts\/37050\/revisions"}],"predecessor-version":[{"id":37052,"href":"https:\/\/eldiariodesanpedro.com.ar\/sitio\/wp-json\/wp\/v2\/posts\/37050\/revisions\/37052"}],"wp:featuredmedia":[{"embeddable":true,"href":"https:\/\/eldiariodesanpedro.com.ar\/sitio\/wp-json\/wp\/v2\/media\/37051"}],"wp:attachment":[{"href":"https:\/\/eldiariodesanpedro.com.ar\/sitio\/wp-json\/wp\/v2\/media?parent=37050"}],"wp:term":[{"taxonomy":"category","embeddable":true,"href":"https:\/\/eldiariodesanpedro.com.ar\/sitio\/wp-json\/wp\/v2\/categories?post=37050"},{"taxonomy":"post_tag","embeddable":true,"href":"https:\/\/eldiariodesanpedro.com.ar\/sitio\/wp-json\/wp\/v2\/tags?post=37050"}],"curies":[{"name":"wp","href":"https:\/\/api.w.org\/{rel}","templated":true}]}}