{"id":37044,"date":"2018-07-24T10:40:26","date_gmt":"2018-07-24T13:40:26","guid":{"rendered":"https:\/\/eldiariodesanpedro.com.ar\/sitio\/?p=37044"},"modified":"2018-07-24T10:40:26","modified_gmt":"2018-07-24T13:40:26","slug":"hospitales-paralizados-13-mil-profesionales-de-la-salud-toman-medidas-de-fuerza","status":"publish","type":"post","link":"https:\/\/eldiariodesanpedro.com.ar\/sitio\/hospitales-paralizados-13-mil-profesionales-de-la-salud-toman-medidas-de-fuerza\/","title":{"rendered":"Hospitales paralizados: 13 mil profesionales de la salud toman medidas de fuerza"},"content":{"rendered":"<p><!-- VideographyWP Plugin Message: Automatic video embedding prevented by plugin options. --><br \/>\nTrece mil profesionales de la salud de la provincia de Buenos Aires realizar\u00e1n el mi\u00e9rcoles un paro de 24 horas para reclamar por una nueva reuni\u00f3n paritaria con la gobernadora Mar\u00eda Eugenia Vidal. Con la medida se busca que el Gobierno haga una propuesta superadora al 15% en cuotas y sin cl\u00e1usula gatillo.<\/p>\n<p>\u201cLos salarios bien por debajo de las necesidades del sector profesional generan que pr\u00e1cticamente no haya postulantes para ingresar al sistema. Eso trae como consecuencia una sobrecarga en quienes sostienen el trabajo cotidiano, con servicios diezmados y guardias descubiertas. \u201c, explican desde la Cicop, la Asociaci\u00f3n Sindical de Profesionales de la Salud de la Provincia de Buenos Aires.<\/p>\n<p>A ello se suma que becarios y becarias no son pasados a planta permanente, por lo que terminan buscando trabajos en mejores condiciones. As\u00ed como tambi\u00e9n una \u201csituaci\u00f3n de indefinici\u00f3n\u201d que viven los residentes m\u00e9dicos.<\/p>\n<p>Asimismo, el Consejo Directivo Provincial analiz\u00f3 la coyuntura actual, la falta de respuestas y las paup\u00e9rrimas condiciones salariales y laborales, definiendo el llamado a un nuevo Congreso de Delegados para el pr\u00f3ximo s\u00e1bado 28 de julio.<\/p>\n<p>Fuente: infogei<\/p>\n","protected":false},"excerpt":{"rendered":"<p>Trece mil profesionales de la salud de la provincia de Buenos Aires realizar\u00e1n el mi\u00e9rcoles un paro de 24 horas para reclamar por una nueva reuni\u00f3n paritaria con la gobernadora Mar\u00eda Eugenia Vidal. Con la medida se busca que el Gobierno haga una propuesta superadora al 15% en cuotas y sin cl\u00e1usula gatillo. \u201cLos salarios [&hellip;]<\/p>\n","protected":false},"author":4,"featured_media":37045,"comment_status":"open","ping_status":"closed","sticky":false,"template":"","format":"standard","meta":{"om_disable_all_campaigns":false,"_jetpack_memberships_contains_paid_content":false,"footnotes":""},"categories":[621],"tags":[],"class_list":["post-37044","post","type-post","status-publish","format-standard","has-post-thumbnail","hentry","category-regionales"],"aioseo_notices":[],"gutentor_comment":0,"jetpack_featured_media_url":"https:\/\/eldiariodesanpedro.com.ar\/sitio\/wp-content\/uploads\/2018\/07\/Guardia-Hospital-Z\u00e1rate_658x400.jpg","jetpack_shortlink":"https:\/\/wp.me\/p6RhLt-9Du","jetpack_sharing_enabled":true,"_links":{"self":[{"href":"https:\/\/eldiariodesanpedro.com.ar\/sitio\/wp-json\/wp\/v2\/posts\/37044","targetHints":{"allow":["GET"]}}],"collection":[{"href":"https:\/\/eldiariodesanpedro.com.ar\/sitio\/wp-json\/wp\/v2\/posts"}],"about":[{"href":"https:\/\/eldiariodesanpedro.com.ar\/sitio\/wp-json\/wp\/v2\/types\/post"}],"author":[{"embeddable":true,"href":"https:\/\/eldiariodesanpedro.com.ar\/sitio\/wp-json\/wp\/v2\/users\/4"}],"replies":[{"embeddable":true,"href":"https:\/\/eldiariodesanpedro.com.ar\/sitio\/wp-json\/wp\/v2\/comments?post=37044"}],"version-history":[{"count":1,"href":"https:\/\/eldiariodesanpedro.com.ar\/sitio\/wp-json\/wp\/v2\/posts\/37044\/revisions"}],"predecessor-version":[{"id":37046,"href":"https:\/\/eldiariodesanpedro.com.ar\/sitio\/wp-json\/wp\/v2\/posts\/37044\/revisions\/37046"}],"wp:featuredmedia":[{"embeddable":true,"href":"https:\/\/eldiariodesanpedro.com.ar\/sitio\/wp-json\/wp\/v2\/media\/37045"}],"wp:attachment":[{"href":"https:\/\/eldiariodesanpedro.com.ar\/sitio\/wp-json\/wp\/v2\/media?parent=37044"}],"wp:term":[{"taxonomy":"category","embeddable":true,"href":"https:\/\/eldiariodesanpedro.com.ar\/sitio\/wp-json\/wp\/v2\/categories?post=37044"},{"taxonomy":"post_tag","embeddable":true,"href":"https:\/\/eldiariodesanpedro.com.ar\/sitio\/wp-json\/wp\/v2\/tags?post=37044"}],"curies":[{"name":"wp","href":"https:\/\/api.w.org\/{rel}","templated":true}]}}