{"id":37040,"date":"2018-07-24T10:21:26","date_gmt":"2018-07-24T13:21:26","guid":{"rendered":"https:\/\/eldiariodesanpedro.com.ar\/sitio\/?p=37040"},"modified":"2018-07-24T10:22:27","modified_gmt":"2018-07-24T13:22:27","slug":"doble-intervencion-en-una-misma-vivienda","status":"publish","type":"post","link":"https:\/\/eldiariodesanpedro.com.ar\/sitio\/doble-intervencion-en-una-misma-vivienda\/","title":{"rendered":"Doble intervenci\u00f3n en una misma vivienda"},"content":{"rendered":"<p><!-- VideographyWP Plugin Message: Automatic video embedding prevented by plugin options. --><br \/>\nUna estufa salamandra provoc\u00f3 el principio de incendio en una vivienda de la calle Las Heras al 400.<\/p>\n<p>Un incendio de mediana proporci\u00f3n se origin\u00f3 en la noche del lunes en una vivienda de la calle Las Heras al 400. En principio el siniestro se produjo alrededor de las 21.30 horas cuando una estufa salamandra tom\u00f3 foto y se extendi\u00f3 al sector del techo compuesto por madera machimbre y teja. <\/p>\n<p>Una dotaci\u00f3n del cuerpo de Bomberos Voluntarios fue convocada y una vez en el lugar control\u00f3 r\u00e1pidamente el fuego. <\/p>\n<p>Posteriormente, cerca de las 23 horas, otra vez se convoc\u00f3 a los Bomberos debido a que el fuego se hab\u00eda reanimado y era necesario enfriar el lugar para evitar que siguiera afectando a la vivienda. <\/p>\n<p>El foco fue controlado de inmediato y as\u00ed se evit\u00f3 que el mismo volviera a afectar la vivienda. <\/p>\n<p>Fuente: San Pedro Informa<\/p>\n","protected":false},"excerpt":{"rendered":"<p>Una estufa salamandra provoc\u00f3 el principio de incendio en una vivienda de la calle Las Heras al 400. Un incendio de mediana proporci\u00f3n se origin\u00f3 en la noche del lunes en una vivienda de la calle Las Heras al 400. En principio el siniestro se produjo alrededor de las 21.30 horas cuando una estufa salamandra [&hellip;]<\/p>\n","protected":false},"author":4,"featured_media":37041,"comment_status":"open","ping_status":"closed","sticky":false,"template":"","format":"standard","meta":{"om_disable_all_campaigns":false,"_jetpack_memberships_contains_paid_content":false,"footnotes":""},"categories":[2,103],"tags":[],"class_list":["post-37040","post","type-post","status-publish","format-standard","has-post-thumbnail","hentry","category-locales","category-policiales-locales"],"aioseo_notices":[],"gutentor_comment":0,"jetpack_featured_media_url":"https:\/\/eldiariodesanpedro.com.ar\/sitio\/wp-content\/uploads\/2018\/07\/000070312.jpg","jetpack_shortlink":"https:\/\/wp.me\/p6RhLt-9Dq","jetpack_sharing_enabled":true,"_links":{"self":[{"href":"https:\/\/eldiariodesanpedro.com.ar\/sitio\/wp-json\/wp\/v2\/posts\/37040","targetHints":{"allow":["GET"]}}],"collection":[{"href":"https:\/\/eldiariodesanpedro.com.ar\/sitio\/wp-json\/wp\/v2\/posts"}],"about":[{"href":"https:\/\/eldiariodesanpedro.com.ar\/sitio\/wp-json\/wp\/v2\/types\/post"}],"author":[{"embeddable":true,"href":"https:\/\/eldiariodesanpedro.com.ar\/sitio\/wp-json\/wp\/v2\/users\/4"}],"replies":[{"embeddable":true,"href":"https:\/\/eldiariodesanpedro.com.ar\/sitio\/wp-json\/wp\/v2\/comments?post=37040"}],"version-history":[{"count":2,"href":"https:\/\/eldiariodesanpedro.com.ar\/sitio\/wp-json\/wp\/v2\/posts\/37040\/revisions"}],"predecessor-version":[{"id":37043,"href":"https:\/\/eldiariodesanpedro.com.ar\/sitio\/wp-json\/wp\/v2\/posts\/37040\/revisions\/37043"}],"wp:featuredmedia":[{"embeddable":true,"href":"https:\/\/eldiariodesanpedro.com.ar\/sitio\/wp-json\/wp\/v2\/media\/37041"}],"wp:attachment":[{"href":"https:\/\/eldiariodesanpedro.com.ar\/sitio\/wp-json\/wp\/v2\/media?parent=37040"}],"wp:term":[{"taxonomy":"category","embeddable":true,"href":"https:\/\/eldiariodesanpedro.com.ar\/sitio\/wp-json\/wp\/v2\/categories?post=37040"},{"taxonomy":"post_tag","embeddable":true,"href":"https:\/\/eldiariodesanpedro.com.ar\/sitio\/wp-json\/wp\/v2\/tags?post=37040"}],"curies":[{"name":"wp","href":"https:\/\/api.w.org\/{rel}","templated":true}]}}