{"id":37035,"date":"2018-07-24T10:15:10","date_gmt":"2018-07-24T13:15:10","guid":{"rendered":"https:\/\/eldiariodesanpedro.com.ar\/sitio\/?p=37035"},"modified":"2018-07-24T10:15:10","modified_gmt":"2018-07-24T13:15:10","slug":"alfredo-casero-en-el-siripo","status":"publish","type":"post","link":"https:\/\/eldiariodesanpedro.com.ar\/sitio\/alfredo-casero-en-el-siripo\/","title":{"rendered":"Alfredo Casero en el Siripo"},"content":{"rendered":"<p><!-- VideographyWP Plugin Message: Automatic video embedding prevented by plugin options. --><br \/>\nLa Direcci\u00f3n de Cultura informa que el viernes 10 de agosto se presentar\u00e1 en el Teatro Siripo Alfredo Casero con su obra \u00ab\u00bfDe qu\u00e9 no se puede hablar?\u00bb.<\/p>\n<p>La funci\u00f3n ser\u00e1 en el Teatro Siripo a las 21 hs y el valor de la entrada es de $500 pesos. <\/p>\n<p>Tambi\u00e9n se recuerda que el d\u00eda s\u00e1bado 28 de julio a las 21 hs. se presentar\u00e1 en el Teatro Siripo <\/p>\n<p>Sebasti\u00e1n Basalo con su unipersonal. Esta vez, la propuesta se titula \u201cHumor Es Basalo\u201d, siempre bajo la caracter\u00edstica de brindar un espect\u00e1culo familiar, con humor simple, sin burlas ni degradaciones. El valor de la entrada es de  $400, y para Jubilados con carnet $350.<br \/>\nLas entradas pueden adquirirse en la Direcci\u00f3n de Cultura o a trav\u00e9s de la p\u00e1gina web www.sequeiratickets.com.ar<\/p>\n<p><img decoding=\"async\" data-attachment-id=\"37037\" data-permalink=\"https:\/\/eldiariodesanpedro.com.ar\/sitio\/alfredo-casero-en-el-siripo\/humor-es-basalo-28\/\" data-orig-file=\"https:\/\/eldiariodesanpedro.com.ar\/sitio\/wp-content\/uploads\/2018\/07\/HUMOR-ES-BASALO-28.jpg\" data-orig-size=\"4960,3508\" data-comments-opened=\"1\" data-image-meta=\"{&quot;aperture&quot;:&quot;0&quot;,&quot;credit&quot;:&quot;&quot;,&quot;camera&quot;:&quot;&quot;,&quot;caption&quot;:&quot;&quot;,&quot;created_timestamp&quot;:&quot;0&quot;,&quot;copyright&quot;:&quot;&quot;,&quot;focal_length&quot;:&quot;0&quot;,&quot;iso&quot;:&quot;0&quot;,&quot;shutter_speed&quot;:&quot;0&quot;,&quot;title&quot;:&quot;&quot;,&quot;orientation&quot;:&quot;1&quot;}\" data-image-title=\"HUMOR ES BASALO 28\" data-image-description=\"\" data-image-caption=\"\" data-large-file=\"https:\/\/eldiariodesanpedro.com.ar\/sitio\/wp-content\/uploads\/2018\/07\/HUMOR-ES-BASALO-28-1024x724.jpg\" data-src=\"https:\/\/eldiariodesanpedro.com.ar\/sitio\/wp-content\/uploads\/2018\/07\/HUMOR-ES-BASALO-28-1024x724.jpg\" alt=\"\" width=\"660\" height=\"467\" class=\"alignnone size-large wp-image-37037 lazyload\" data-srcset=\"https:\/\/eldiariodesanpedro.com.ar\/sitio\/wp-content\/uploads\/2018\/07\/HUMOR-ES-BASALO-28-1024x724.jpg 1024w, https:\/\/eldiariodesanpedro.com.ar\/sitio\/wp-content\/uploads\/2018\/07\/HUMOR-ES-BASALO-28-300x212.jpg 300w, https:\/\/eldiariodesanpedro.com.ar\/sitio\/wp-content\/uploads\/2018\/07\/HUMOR-ES-BASALO-28-768x543.jpg 768w\" data-sizes=\"(max-width: 660px) 100vw, 660px\" src=\"data:image\/svg+xml;base64,PHN2ZyB3aWR0aD0iMSIgaGVpZ2h0PSIxIiB4bWxucz0iaHR0cDovL3d3dy53My5vcmcvMjAwMC9zdmciPjwvc3ZnPg==\" style=\"--smush-placeholder-width: 660px; --smush-placeholder-aspect-ratio: 660\/467;\" \/><\/p>\n","protected":false},"excerpt":{"rendered":"<p>La Direcci\u00f3n de Cultura informa que el viernes 10 de agosto se presentar\u00e1 en el Teatro Siripo Alfredo Casero con su obra \u00ab\u00bfDe qu\u00e9 no se puede hablar?\u00bb. La funci\u00f3n ser\u00e1 en el Teatro Siripo a las 21 hs y el valor de la entrada es de $500 pesos. Tambi\u00e9n se recuerda que el d\u00eda [&hellip;]<\/p>\n","protected":false},"author":4,"featured_media":37036,"comment_status":"open","ping_status":"closed","sticky":false,"template":"","format":"standard","meta":{"om_disable_all_campaigns":false,"_jetpack_memberships_contains_paid_content":false,"footnotes":""},"categories":[101,2],"tags":[],"class_list":["post-37035","post","type-post","status-publish","format-standard","has-post-thumbnail","hentry","category-interes-general-locales","category-locales"],"aioseo_notices":[],"gutentor_comment":0,"jetpack_featured_media_url":"https:\/\/eldiariodesanpedro.com.ar\/sitio\/wp-content\/uploads\/2018\/07\/pastedImage-1-7.png","jetpack_shortlink":"https:\/\/wp.me\/p6RhLt-9Dl","jetpack_sharing_enabled":true,"_links":{"self":[{"href":"https:\/\/eldiariodesanpedro.com.ar\/sitio\/wp-json\/wp\/v2\/posts\/37035","targetHints":{"allow":["GET"]}}],"collection":[{"href":"https:\/\/eldiariodesanpedro.com.ar\/sitio\/wp-json\/wp\/v2\/posts"}],"about":[{"href":"https:\/\/eldiariodesanpedro.com.ar\/sitio\/wp-json\/wp\/v2\/types\/post"}],"author":[{"embeddable":true,"href":"https:\/\/eldiariodesanpedro.com.ar\/sitio\/wp-json\/wp\/v2\/users\/4"}],"replies":[{"embeddable":true,"href":"https:\/\/eldiariodesanpedro.com.ar\/sitio\/wp-json\/wp\/v2\/comments?post=37035"}],"version-history":[{"count":1,"href":"https:\/\/eldiariodesanpedro.com.ar\/sitio\/wp-json\/wp\/v2\/posts\/37035\/revisions"}],"predecessor-version":[{"id":37038,"href":"https:\/\/eldiariodesanpedro.com.ar\/sitio\/wp-json\/wp\/v2\/posts\/37035\/revisions\/37038"}],"wp:featuredmedia":[{"embeddable":true,"href":"https:\/\/eldiariodesanpedro.com.ar\/sitio\/wp-json\/wp\/v2\/media\/37036"}],"wp:attachment":[{"href":"https:\/\/eldiariodesanpedro.com.ar\/sitio\/wp-json\/wp\/v2\/media?parent=37035"}],"wp:term":[{"taxonomy":"category","embeddable":true,"href":"https:\/\/eldiariodesanpedro.com.ar\/sitio\/wp-json\/wp\/v2\/categories?post=37035"},{"taxonomy":"post_tag","embeddable":true,"href":"https:\/\/eldiariodesanpedro.com.ar\/sitio\/wp-json\/wp\/v2\/tags?post=37035"}],"curies":[{"name":"wp","href":"https:\/\/api.w.org\/{rel}","templated":true}]}}