{"id":37030,"date":"2018-07-24T09:10:13","date_gmt":"2018-07-24T12:10:13","guid":{"rendered":"https:\/\/eldiariodesanpedro.com.ar\/sitio\/?p=37030"},"modified":"2018-07-24T09:32:27","modified_gmt":"2018-07-24T12:32:27","slug":"se-secuestro-en-un-allanamiento-una-consola-amplificadora-robada-dias-atras","status":"publish","type":"post","link":"https:\/\/eldiariodesanpedro.com.ar\/sitio\/se-secuestro-en-un-allanamiento-una-consola-amplificadora-robada-dias-atras\/","title":{"rendered":"Se secuestr\u00f3 en un allanamiento una consola amplificadora robada d\u00edas atr\u00e1s"},"content":{"rendered":"<p><!-- VideographyWP Plugin Message: Automatic video embedding prevented by plugin options. --><br \/>\nEl dia lunes en horas de la tarde, Personal de Comisar\u00eda, juntamente con personal DDI local, dio cumplimiento a una diligencia en un domicilio particular, sito en calle La Laguna al 2000, de un allanamiento extendida por la Justicia ordinaria, en el marco de un hecho de robo cometido d\u00edas atr\u00e1s en calle Casella de este medio, sobre el cual se trataba de lograr su esclarecimiento.<\/p>\n<p>Como consecuencia el evento dio como resultado positivo al lograr el secuestro de una Consola Amplificadora que era buscada, quedando en dep\u00f3sito policial a disposici\u00f3n de la fiscal\u00eda en turno de nuestra ciudad.<\/p>\n<p>En el interior de la vivienda se encontraba una ciudadana, moradora del lugar, donde se le cumplimentaron recaudos legales dispuestos por la justicia. No hay detenidos.<\/p>\n","protected":false},"excerpt":{"rendered":"<p>El dia lunes en horas de la tarde, Personal de Comisar\u00eda, juntamente con personal DDI local, dio cumplimiento a una diligencia en un domicilio particular, sito en calle La Laguna al 2000, de un allanamiento extendida por la Justicia ordinaria, en el marco de un hecho de robo cometido d\u00edas atr\u00e1s en calle Casella de [&hellip;]<\/p>\n","protected":false},"author":4,"featured_media":37034,"comment_status":"open","ping_status":"closed","sticky":false,"template":"","format":"standard","meta":{"om_disable_all_campaigns":false,"_jetpack_memberships_contains_paid_content":false,"footnotes":""},"categories":[2,103],"tags":[],"class_list":["post-37030","post","type-post","status-publish","format-standard","has-post-thumbnail","hentry","category-locales","category-policiales-locales"],"aioseo_notices":[],"gutentor_comment":0,"jetpack_featured_media_url":"https:\/\/eldiariodesanpedro.com.ar\/sitio\/wp-content\/uploads\/2018\/07\/WhatsApp-Image-2018-07-24-at-09.28.13.jpeg","jetpack_shortlink":"https:\/\/wp.me\/p6RhLt-9Dg","jetpack_sharing_enabled":true,"_links":{"self":[{"href":"https:\/\/eldiariodesanpedro.com.ar\/sitio\/wp-json\/wp\/v2\/posts\/37030","targetHints":{"allow":["GET"]}}],"collection":[{"href":"https:\/\/eldiariodesanpedro.com.ar\/sitio\/wp-json\/wp\/v2\/posts"}],"about":[{"href":"https:\/\/eldiariodesanpedro.com.ar\/sitio\/wp-json\/wp\/v2\/types\/post"}],"author":[{"embeddable":true,"href":"https:\/\/eldiariodesanpedro.com.ar\/sitio\/wp-json\/wp\/v2\/users\/4"}],"replies":[{"embeddable":true,"href":"https:\/\/eldiariodesanpedro.com.ar\/sitio\/wp-json\/wp\/v2\/comments?post=37030"}],"version-history":[{"count":1,"href":"https:\/\/eldiariodesanpedro.com.ar\/sitio\/wp-json\/wp\/v2\/posts\/37030\/revisions"}],"predecessor-version":[{"id":37031,"href":"https:\/\/eldiariodesanpedro.com.ar\/sitio\/wp-json\/wp\/v2\/posts\/37030\/revisions\/37031"}],"wp:featuredmedia":[{"embeddable":true,"href":"https:\/\/eldiariodesanpedro.com.ar\/sitio\/wp-json\/wp\/v2\/media\/37034"}],"wp:attachment":[{"href":"https:\/\/eldiariodesanpedro.com.ar\/sitio\/wp-json\/wp\/v2\/media?parent=37030"}],"wp:term":[{"taxonomy":"category","embeddable":true,"href":"https:\/\/eldiariodesanpedro.com.ar\/sitio\/wp-json\/wp\/v2\/categories?post=37030"},{"taxonomy":"post_tag","embeddable":true,"href":"https:\/\/eldiariodesanpedro.com.ar\/sitio\/wp-json\/wp\/v2\/tags?post=37030"}],"curies":[{"name":"wp","href":"https:\/\/api.w.org\/{rel}","templated":true}]}}