{"id":37027,"date":"2018-07-24T08:54:55","date_gmt":"2018-07-24T11:54:55","guid":{"rendered":"https:\/\/eldiariodesanpedro.com.ar\/sitio\/?p=37027"},"modified":"2018-07-24T08:54:55","modified_gmt":"2018-07-24T11:54:55","slug":"investigan-amenazas-por-una-red-social-a-una-ciudadana-y-su-familia","status":"publish","type":"post","link":"https:\/\/eldiariodesanpedro.com.ar\/sitio\/investigan-amenazas-por-una-red-social-a-una-ciudadana-y-su-familia\/","title":{"rendered":"Investigan  amenazas por una red social a una ciudadana y su familia"},"content":{"rendered":"<p><!-- VideographyWP Plugin Message: Automatic video embedding prevented by plugin options. --><br \/>\nEsta madrugada, a las 00:30hs, se hace presente en Comisar\u00eda Local, una ciudadana mayor de edad, manifestando que recib\u00eda constantes amenazas.<\/p>\n<p>La mujer,  dio cuenta estar recibiendo amenazas y molestias a su tel\u00e9fono celular particular, a trav\u00e9s de una red social, no solo hacia su persona sino tambi\u00e9n a su seno familiar.<\/p>\n<p>Investiga Fiscalia en turno.<\/p>\n","protected":false},"excerpt":{"rendered":"<p>Esta madrugada, a las 00:30hs, se hace presente en Comisar\u00eda Local, una ciudadana mayor de edad, manifestando que recib\u00eda constantes amenazas. La mujer, dio cuenta estar recibiendo amenazas y molestias a su tel\u00e9fono celular particular, a trav\u00e9s de una red social, no solo hacia su persona sino tambi\u00e9n a su seno familiar. Investiga Fiscalia en [&hellip;]<\/p>\n","protected":false},"author":4,"featured_media":37028,"comment_status":"open","ping_status":"closed","sticky":false,"template":"","format":"standard","meta":{"om_disable_all_campaigns":false,"_jetpack_memberships_contains_paid_content":false,"footnotes":""},"categories":[2,103],"tags":[],"class_list":["post-37027","post","type-post","status-publish","format-standard","has-post-thumbnail","hentry","category-locales","category-policiales-locales"],"aioseo_notices":[],"gutentor_comment":0,"jetpack_featured_media_url":"https:\/\/eldiariodesanpedro.com.ar\/sitio\/wp-content\/uploads\/2018\/07\/410689_20171205122056.jpg","jetpack_shortlink":"https:\/\/wp.me\/p6RhLt-9Dd","jetpack_sharing_enabled":true,"_links":{"self":[{"href":"https:\/\/eldiariodesanpedro.com.ar\/sitio\/wp-json\/wp\/v2\/posts\/37027","targetHints":{"allow":["GET"]}}],"collection":[{"href":"https:\/\/eldiariodesanpedro.com.ar\/sitio\/wp-json\/wp\/v2\/posts"}],"about":[{"href":"https:\/\/eldiariodesanpedro.com.ar\/sitio\/wp-json\/wp\/v2\/types\/post"}],"author":[{"embeddable":true,"href":"https:\/\/eldiariodesanpedro.com.ar\/sitio\/wp-json\/wp\/v2\/users\/4"}],"replies":[{"embeddable":true,"href":"https:\/\/eldiariodesanpedro.com.ar\/sitio\/wp-json\/wp\/v2\/comments?post=37027"}],"version-history":[{"count":1,"href":"https:\/\/eldiariodesanpedro.com.ar\/sitio\/wp-json\/wp\/v2\/posts\/37027\/revisions"}],"predecessor-version":[{"id":37029,"href":"https:\/\/eldiariodesanpedro.com.ar\/sitio\/wp-json\/wp\/v2\/posts\/37027\/revisions\/37029"}],"wp:featuredmedia":[{"embeddable":true,"href":"https:\/\/eldiariodesanpedro.com.ar\/sitio\/wp-json\/wp\/v2\/media\/37028"}],"wp:attachment":[{"href":"https:\/\/eldiariodesanpedro.com.ar\/sitio\/wp-json\/wp\/v2\/media?parent=37027"}],"wp:term":[{"taxonomy":"category","embeddable":true,"href":"https:\/\/eldiariodesanpedro.com.ar\/sitio\/wp-json\/wp\/v2\/categories?post=37027"},{"taxonomy":"post_tag","embeddable":true,"href":"https:\/\/eldiariodesanpedro.com.ar\/sitio\/wp-json\/wp\/v2\/tags?post=37027"}],"curies":[{"name":"wp","href":"https:\/\/api.w.org\/{rel}","templated":true}]}}