{"id":37018,"date":"2018-07-24T01:21:05","date_gmt":"2018-07-24T04:21:05","guid":{"rendered":"https:\/\/eldiariodesanpedro.com.ar\/sitio\/?p=37018"},"modified":"2018-07-24T09:15:11","modified_gmt":"2018-07-24T12:15:11","slug":"un-perrito-fue-apunalado-por-dos-salvajes-a-caballo-y-murio","status":"publish","type":"post","link":"https:\/\/eldiariodesanpedro.com.ar\/sitio\/un-perrito-fue-apunalado-por-dos-salvajes-a-caballo-y-murio\/","title":{"rendered":"Un perrito fue apu\u00f1alado por dos salvajes a caballo y muri\u00f3"},"content":{"rendered":"<p><!-- VideographyWP Plugin Message: Automatic video embedding prevented by plugin options. --><br \/>\nEl triste hecho ocurri\u00f3 en la localidad vecina de R\u00edo Tala en la tarde noche del lunes.<\/p>\n<p>Una vecina sali\u00f3 desesperada a pedir ayuda al ver que un perrito de la calle que siempre frecuentaba su casa, fue apu\u00f1alado por dos jovenes (salvajes) que montaban a caballo sin saber porque el motivo.<\/p>\n<p>El indefenso animal fue asistido por vecinos que al llamar al veterinario para que lo asista de urgencia, qui\u00e9n por comunicaci\u00f3n telef\u00f3nica le explicaba que necesitaba una operaci\u00f3n de urgencia, lograron sacarle el cuchillo pero el perrito no resisti\u00f3.<\/p>\n<p>Con mucha angustia los vecinos hicieron lo posible para salvarlo, pero muri\u00f3.<\/p>\n<p>Cuentan en la localidad vecina que los salvajes son conocidos en el barrio y siempre hacen mucho da\u00f1o, aguardan la intervenci\u00f3n de la justicia.<\/p>\n<p><img decoding=\"async\" data-attachment-id=\"37019\" data-permalink=\"https:\/\/eldiariodesanpedro.com.ar\/sitio\/un-perrito-fue-apunalado-por-dos-salvajes-a-caballo-y-murio\/fb_img_1532404776579\/\" data-orig-file=\"https:\/\/eldiariodesanpedro.com.ar\/sitio\/wp-content\/uploads\/2018\/07\/FB_IMG_1532404776579.jpg\" data-orig-size=\"720,960\" data-comments-opened=\"1\" data-image-meta=\"{&quot;aperture&quot;:&quot;0&quot;,&quot;credit&quot;:&quot;&quot;,&quot;camera&quot;:&quot;&quot;,&quot;caption&quot;:&quot;&quot;,&quot;created_timestamp&quot;:&quot;0&quot;,&quot;copyright&quot;:&quot;&quot;,&quot;focal_length&quot;:&quot;0&quot;,&quot;iso&quot;:&quot;0&quot;,&quot;shutter_speed&quot;:&quot;0&quot;,&quot;title&quot;:&quot;&quot;,&quot;orientation&quot;:&quot;0&quot;}\" data-image-title=\"FB_IMG_1532404776579\" data-image-description=\"\" data-image-caption=\"\" data-large-file=\"https:\/\/eldiariodesanpedro.com.ar\/sitio\/wp-content\/uploads\/2018\/07\/FB_IMG_1532404776579.jpg\" class=\"alignnone size-full wp-image-37019 lazyload\" data-src=\"https:\/\/eldiariodesanpedro.com.ar\/sitio\/wp-content\/uploads\/2018\/07\/FB_IMG_1532404776579.jpg\" alt=\"\" width=\"720\" height=\"960\" data-srcset=\"https:\/\/eldiariodesanpedro.com.ar\/sitio\/wp-content\/uploads\/2018\/07\/FB_IMG_1532404776579.jpg 720w, https:\/\/eldiariodesanpedro.com.ar\/sitio\/wp-content\/uploads\/2018\/07\/FB_IMG_1532404776579-225x300.jpg 225w\" data-sizes=\"(max-width: 720px) 100vw, 720px\" src=\"data:image\/svg+xml;base64,PHN2ZyB3aWR0aD0iMSIgaGVpZ2h0PSIxIiB4bWxucz0iaHR0cDovL3d3dy53My5vcmcvMjAwMC9zdmciPjwvc3ZnPg==\" style=\"--smush-placeholder-width: 720px; --smush-placeholder-aspect-ratio: 720\/960;\" \/><\/p>\n<p><img decoding=\"async\" data-attachment-id=\"37020\" data-permalink=\"https:\/\/eldiariodesanpedro.com.ar\/sitio\/un-perrito-fue-apunalado-por-dos-salvajes-a-caballo-y-murio\/fb_img_1532404768187\/\" data-orig-file=\"https:\/\/eldiariodesanpedro.com.ar\/sitio\/wp-content\/uploads\/2018\/07\/FB_IMG_1532404768187.jpg\" data-orig-size=\"720,960\" data-comments-opened=\"1\" data-image-meta=\"{&quot;aperture&quot;:&quot;0&quot;,&quot;credit&quot;:&quot;&quot;,&quot;camera&quot;:&quot;&quot;,&quot;caption&quot;:&quot;&quot;,&quot;created_timestamp&quot;:&quot;0&quot;,&quot;copyright&quot;:&quot;&quot;,&quot;focal_length&quot;:&quot;0&quot;,&quot;iso&quot;:&quot;0&quot;,&quot;shutter_speed&quot;:&quot;0&quot;,&quot;title&quot;:&quot;&quot;,&quot;orientation&quot;:&quot;0&quot;}\" data-image-title=\"FB_IMG_1532404768187\" data-image-description=\"\" data-image-caption=\"\" data-large-file=\"https:\/\/eldiariodesanpedro.com.ar\/sitio\/wp-content\/uploads\/2018\/07\/FB_IMG_1532404768187.jpg\" class=\"alignnone size-full wp-image-37020 lazyload\" data-src=\"https:\/\/eldiariodesanpedro.com.ar\/sitio\/wp-content\/uploads\/2018\/07\/FB_IMG_1532404768187.jpg\" alt=\"\" width=\"720\" height=\"960\" data-srcset=\"https:\/\/eldiariodesanpedro.com.ar\/sitio\/wp-content\/uploads\/2018\/07\/FB_IMG_1532404768187.jpg 720w, https:\/\/eldiariodesanpedro.com.ar\/sitio\/wp-content\/uploads\/2018\/07\/FB_IMG_1532404768187-225x300.jpg 225w\" data-sizes=\"(max-width: 720px) 100vw, 720px\" src=\"data:image\/svg+xml;base64,PHN2ZyB3aWR0aD0iMSIgaGVpZ2h0PSIxIiB4bWxucz0iaHR0cDovL3d3dy53My5vcmcvMjAwMC9zdmciPjwvc3ZnPg==\" style=\"--smush-placeholder-width: 720px; --smush-placeholder-aspect-ratio: 720\/960;\" \/><\/p>\n<p>Fuente: Radio La Nueva Republica<\/p>\n","protected":false},"excerpt":{"rendered":"<p>El triste hecho ocurri\u00f3 en la localidad vecina de R\u00edo Tala en la tarde noche del lunes. Una vecina sali\u00f3 desesperada a pedir ayuda al ver que un perrito de la calle que siempre frecuentaba su casa, fue apu\u00f1alado por dos jovenes (salvajes) que montaban a caballo sin saber porque el motivo. El indefenso animal [&hellip;]<\/p>\n","protected":false},"author":4,"featured_media":37022,"comment_status":"open","ping_status":"closed","sticky":false,"template":"","format":"standard","meta":{"om_disable_all_campaigns":false,"_jetpack_memberships_contains_paid_content":false,"footnotes":""},"categories":[50,2,103],"tags":[],"class_list":["post-37018","post","type-post","status-publish","format-standard","has-post-thumbnail","hentry","category-destacadas","category-locales","category-policiales-locales"],"aioseo_notices":[],"gutentor_comment":0,"jetpack_featured_media_url":"https:\/\/eldiariodesanpedro.com.ar\/sitio\/wp-content\/uploads\/2018\/07\/IMG_20180724_011526.jpg","jetpack_shortlink":"https:\/\/wp.me\/p6RhLt-9D4","jetpack_sharing_enabled":true,"_links":{"self":[{"href":"https:\/\/eldiariodesanpedro.com.ar\/sitio\/wp-json\/wp\/v2\/posts\/37018","targetHints":{"allow":["GET"]}}],"collection":[{"href":"https:\/\/eldiariodesanpedro.com.ar\/sitio\/wp-json\/wp\/v2\/posts"}],"about":[{"href":"https:\/\/eldiariodesanpedro.com.ar\/sitio\/wp-json\/wp\/v2\/types\/post"}],"author":[{"embeddable":true,"href":"https:\/\/eldiariodesanpedro.com.ar\/sitio\/wp-json\/wp\/v2\/users\/4"}],"replies":[{"embeddable":true,"href":"https:\/\/eldiariodesanpedro.com.ar\/sitio\/wp-json\/wp\/v2\/comments?post=37018"}],"version-history":[{"count":3,"href":"https:\/\/eldiariodesanpedro.com.ar\/sitio\/wp-json\/wp\/v2\/posts\/37018\/revisions"}],"predecessor-version":[{"id":37033,"href":"https:\/\/eldiariodesanpedro.com.ar\/sitio\/wp-json\/wp\/v2\/posts\/37018\/revisions\/37033"}],"wp:featuredmedia":[{"embeddable":true,"href":"https:\/\/eldiariodesanpedro.com.ar\/sitio\/wp-json\/wp\/v2\/media\/37022"}],"wp:attachment":[{"href":"https:\/\/eldiariodesanpedro.com.ar\/sitio\/wp-json\/wp\/v2\/media?parent=37018"}],"wp:term":[{"taxonomy":"category","embeddable":true,"href":"https:\/\/eldiariodesanpedro.com.ar\/sitio\/wp-json\/wp\/v2\/categories?post=37018"},{"taxonomy":"post_tag","embeddable":true,"href":"https:\/\/eldiariodesanpedro.com.ar\/sitio\/wp-json\/wp\/v2\/tags?post=37018"}],"curies":[{"name":"wp","href":"https:\/\/api.w.org\/{rel}","templated":true}]}}