{"id":37010,"date":"2018-07-23T21:32:27","date_gmt":"2018-07-24T00:32:27","guid":{"rendered":"https:\/\/eldiariodesanpedro.com.ar\/sitio\/?p=37010"},"modified":"2018-07-23T21:32:27","modified_gmt":"2018-07-24T00:32:27","slug":"anses-informa-como-reclamar-los-haberes-jubilatorios-impagos","status":"publish","type":"post","link":"https:\/\/eldiariodesanpedro.com.ar\/sitio\/anses-informa-como-reclamar-los-haberes-jubilatorios-impagos\/","title":{"rendered":"ANSES INFORMA: C\u00f3mo reclamar los haberes jubilatorios impagos"},"content":{"rendered":"<p><!-- VideographyWP Plugin Message: Automatic video embedding prevented by plugin options. --><br \/>\n  Todos los jubilados y pensionados tienen derecho a reclamar los haberes que no pudieron cobrar oportunamente dentro de los dos a\u00f1os posteriores a la fecha en la cual deber\u00edan haberlo hecho.<br \/>\n  El tr\u00e1mite es presencial y se realiza en cualquier delegaci\u00f3n del organismo con turno previo, que se obtiene llamando al n\u00famero 130 gratuito desde cualquier tel\u00e9fono fijo o en www.anses.gob.ar.<br \/>\n  El mensual reclamado puede ser abonado en forma inmediata en el Banco de la Naci\u00f3n Argentina cercano a la delegaci\u00f3n de ANSES o en forma diferida junto al mensual determinado en la entidad bancaria en donde habitualmente se perciben los haberes. Si el mensual corresponde al mes inmediato anterior, debe presentar en la entidad de pago el formulario de Certificaci\u00f3n Bancaria, provisto por ANSES.<\/p>\n<p><strong>Grupos de pago para ma\u00f1ana<\/strong><br \/>\nJubilados y pensionados cuyos haberes superan los $9201 y sus documentos terminan en 0 y 1.<br \/>\nTitulares de la Prestaci\u00f3n por Desempleo \u2013Plan 1\u2013 cuyos documentos terminan en 0 y 1.<\/p>\n","protected":false},"excerpt":{"rendered":"<p>Todos los jubilados y pensionados tienen derecho a reclamar los haberes que no pudieron cobrar oportunamente dentro de los dos a\u00f1os posteriores a la fecha en la cual deber\u00edan haberlo hecho. El tr\u00e1mite es presencial y se realiza en cualquier delegaci\u00f3n del organismo con turno previo, que se obtiene llamando al n\u00famero 130 gratuito desde [&hellip;]<\/p>\n","protected":false},"author":4,"featured_media":3392,"comment_status":"open","ping_status":"closed","sticky":false,"template":"","format":"standard","meta":{"om_disable_all_campaigns":false,"_jetpack_memberships_contains_paid_content":false,"footnotes":""},"categories":[101,2],"tags":[],"class_list":["post-37010","post","type-post","status-publish","format-standard","has-post-thumbnail","hentry","category-interes-general-locales","category-locales"],"aioseo_notices":[],"gutentor_comment":0,"jetpack_featured_media_url":"https:\/\/eldiariodesanpedro.com.ar\/sitio\/wp-content\/uploads\/2016\/04\/MAT7-ANSES2.jpg","jetpack_shortlink":"https:\/\/wp.me\/p6RhLt-9CW","jetpack_sharing_enabled":true,"_links":{"self":[{"href":"https:\/\/eldiariodesanpedro.com.ar\/sitio\/wp-json\/wp\/v2\/posts\/37010","targetHints":{"allow":["GET"]}}],"collection":[{"href":"https:\/\/eldiariodesanpedro.com.ar\/sitio\/wp-json\/wp\/v2\/posts"}],"about":[{"href":"https:\/\/eldiariodesanpedro.com.ar\/sitio\/wp-json\/wp\/v2\/types\/post"}],"author":[{"embeddable":true,"href":"https:\/\/eldiariodesanpedro.com.ar\/sitio\/wp-json\/wp\/v2\/users\/4"}],"replies":[{"embeddable":true,"href":"https:\/\/eldiariodesanpedro.com.ar\/sitio\/wp-json\/wp\/v2\/comments?post=37010"}],"version-history":[{"count":1,"href":"https:\/\/eldiariodesanpedro.com.ar\/sitio\/wp-json\/wp\/v2\/posts\/37010\/revisions"}],"predecessor-version":[{"id":37013,"href":"https:\/\/eldiariodesanpedro.com.ar\/sitio\/wp-json\/wp\/v2\/posts\/37010\/revisions\/37013"}],"wp:featuredmedia":[{"embeddable":true,"href":"https:\/\/eldiariodesanpedro.com.ar\/sitio\/wp-json\/wp\/v2\/media\/3392"}],"wp:attachment":[{"href":"https:\/\/eldiariodesanpedro.com.ar\/sitio\/wp-json\/wp\/v2\/media?parent=37010"}],"wp:term":[{"taxonomy":"category","embeddable":true,"href":"https:\/\/eldiariodesanpedro.com.ar\/sitio\/wp-json\/wp\/v2\/categories?post=37010"},{"taxonomy":"post_tag","embeddable":true,"href":"https:\/\/eldiariodesanpedro.com.ar\/sitio\/wp-json\/wp\/v2\/tags?post=37010"}],"curies":[{"name":"wp","href":"https:\/\/api.w.org\/{rel}","templated":true}]}}